{"id":932,"date":"2020-07-07T18:43:00","date_gmt":"2020-07-07T16:43:00","guid":{"rendered":"https:\/\/guillainbarre.fr\/?p=932"},"modified":"2021-11-22T19:06:38","modified_gmt":"2021-11-22T18:06:38","slug":"guillain-barre-covid","status":"publish","type":"post","link":"https:\/\/guillainbarre.fr\/index.php\/2020\/07\/07\/guillain-barre-covid\/","title":{"rendered":"Les sympt\u00f4mes du Guillain-Barr\u00e9 ont commenc\u00e9 \u00e0 la fin de mon infection \u00e0 la COVID-19 : raideurs, manque de force, douleurs&#8230;"},"content":{"rendered":"\n<p class=\"has-drop-cap\"><strong>J\u2019ai 23 ans. Pensant arriver \u00e0 la fin de mon infection \u00e0 la COVID-19, je me surprends \u00e0 ressentir une sensation \u00e9trange dans le bout de mes doigts et mes orteils, une eau qui me semble glac\u00e9e sur le bout de mes doigts quand je me lave les mains, un vent qui me semble extr\u00eamement frais sur mes orteils.<\/strong><\/p>\n\n\n\n<blockquote class=\"wp-block-quote\"><p>Camille, 23 ans<\/p><cite>Guillain-Barr\u00e9 \u00e0 23 ans (en 2020)<\/cite><\/blockquote>\n\n\n\n<h2>Les sympt\u00f4mes du Guillain-Barr\u00e9<\/h2>\n\n\n\n<p>Le lendemain j\u2019ai une t\u00e9l\u00e9-consultation de pr\u00e9vue avec mon m\u00e9decin traitant pour suivre l\u2019avanc\u00e9e de mon infection. Je lui \u00e9voque ces sensations bizarres et lui dis que je pense qu\u2019il doit s\u2019agir de carences. Il me prescrit des vitamines et des bas de contention.<\/p>\n\n\n\n<p>Les jours qui suivent, <strong>j\u2019ai progressivement de nouveaux sympt\u00f4mes \u00e9tranges<\/strong> : une grosse raideur musculaire dans mes cuisses, un manque de force pour monter les escaliers, me baisser et me relever pour ramasser un objet. J\u2019arrive de moins en moins bien \u00e0 dormir car j\u2019ai des tensions qui surviennent dans tout mon corps la nuit. Plus aucune position n\u2019est confortable. J\u2019ai la langue comme br\u00fbl\u00e9e, non douloureuse mais compl\u00e8tement engourdie. S\u2019accompagne une perte de go\u00fbt. Je me d\u00e9cide \u00e0 aller aux urgences.<\/p>\n\n\n\n<p>Aux urgences on me fait quelques tests fonctionnels. On me fait me mettre en flexion et me relever. Je mets toute ma force pour m\u2019appuyer sur les bras du m\u00e9decin afin de me relever, pour me mettre sur la pointe des pieds. A ma grande surprise, je n\u2019y arrive plus. Le m\u00e9decin d\u00e9cide de me faire une <a href=\"https:\/\/www.santemagazine.fr\/sante\/examens-medicaux\/prelevements\/ponction-lombaire-176915\" data-internallinksmanager029f6b8e52c=\"1\" title=\"Ponction lombaire\" target=\"_blank\" rel=\"noopener\">ponction lombaire<\/a>. <strong>Les r\u00e9sultats tombent : un surplus de prot\u00e9ines dans mon liquide c\u00e9phalo-rachidien<\/strong>, une suspicion de Syndrome de Guillain-Barr\u00e9.<\/p>\n\n\n\n<h2>Je me paralyse et tout devient difficile<\/h2>\n\n\n\n<p>Je suis alors hospitalis\u00e9e. <strong>Les nuits qui suivent sont atroces. Impossible de dormir.<\/strong> Les Dolipranes font peu effet pour calmer mes tensions. La perfusion me fait aller constamment aux toilettes et je me rends d\u00e9j\u00e0 compte que cet acte de la vie quotidienne devient de plus en plus compliqu\u00e9, mes jambes me tiennent de moins en moins.<\/p>\n\n\n\n<p>Admise ensuite au service de neurologie, je passe un <a href=\"https:\/\/www.passeportsante.net\/fr\/Maux\/examens-medicaux-operations\/Fiche.aspx?doc=electromyogramme\" data-internallinksmanager029f6b8e52c=\"3\" title=\"EMG\" target=\"_blank\" rel=\"noopener\">\u00e9lectromyogramme<\/a> qui ne montre rien. Je passe une <a href=\"https:\/\/www.doctissimo.fr\/html\/sante\/imagerie\/irm.htm\" data-internallinksmanager029f6b8e52c=\"7\" title=\"IRM\" target=\"_blank\" rel=\"noopener\">IRM<\/a> du cerveau et de la moelle \u00e9pini\u00e8re qui ne montrent rien d\u2019anormal non plus. Je m\u2019inqui\u00e8te de plus en plus, mon \u00e9tat se d\u00e9grade de jour en jour, la sensation d\u2019engourdissement \u00e9trange est mont\u00e9e jusqu\u2019aux cuisses. Je chute \u00e0 la marche et je dois me d\u00e9placer (difficilement) avec un d\u00e9ambulateur. Je peine \u00e0 aller aux toilettes, je peine \u00e0 me doucher, je peine \u00e0 avaler ma nourriture, je peine \u00e0 manger tout mon plateau car m\u00e2cher devient fatiguant. Je n\u2019arrive plus \u00e0 parler correctement et \u00e0 fermer enti\u00e8rement un \u0153il car <strong>le c\u00f4t\u00e9 droit de mon visage se paralyse<\/strong>. Et les nuits sont toujours difficiles malgr\u00e9 le somnif\u00e8re.<\/p>\n\n\n\n<p>Je deviens d\u00e9pendante pour la douche. Moralement je reprends un coup. Apr\u00e8s une semaine de recherche et pour seule explication que mon probl\u00e8me est surement viral, je repasse un \u00e9lectromyogramme. Celui-ci montre enfin quelque chose d\u2019anormal. <strong>Mon syndrome de Guillain-Barr\u00e9 est enfin confirm\u00e9 !<\/strong><\/p>\n\n\n\n<h2>Je r\u00e9cup\u00e8re vite de mon syndrome de Guillain-Barr\u00e9<\/h2>\n\n\n\n<p>Je commence alors une immunoth\u00e9rapie \u00e0 raison de huit heures de perfusion de <a href=\"https:\/\/base-donnees-publique.medicaments.gouv.fr\/affichageDoc.php?specid=69174658&amp;typedoc=R\" data-internallinksmanager029f6b8e52c=\"9\" title=\"T\u00e9g\u00e9line\" target=\"_blank\" rel=\"noopener\">T\u00e9g\u00e9line<\/a> par jour pendant 5 jours. Je revis petit \u00e0 petit, mon corps arr\u00eate de perdre en capacit\u00e9 et je commence m\u00eame \u00e0 en retrouver.<\/p>\n\n\n\n<p>Deux semaines apr\u00e8s le d\u00e9but du traitement, je suis transf\u00e9r\u00e9e en m\u00e9decine de r\u00e9adaptation physique. Je suis la plus jeune, entour\u00e9e de personnes ayant eu des AVC, et celle qui m\u2019en sort le mieux : <strong>je marche en d\u00e9ambulateur et je suis autonome<\/strong>. Je n\u2019y reste qu\u2019une semaine car j\u2019ai la chance d\u2019avoir une forme progressive et l\u00e9g\u00e8re du syndrome. Je r\u00e9cup\u00e8re vite.<\/p>\n\n\n\n<p><strong>J\u2019ai \u00e9t\u00e9 au total hospitalis\u00e9e un mois<\/strong>. Etant du m\u00e9tier, j\u2019ai poursuivi les s\u00e9ances de kin\u00e9 chez moi, j\u2019ai pu reconduire ma voiture, je me suis repos\u00e9e deux semaines et j\u2019ai repris le travail sans probl\u00e8me, sans s\u00e9quelles mis \u00e0 part une d\u00e9marche pas parfaitement fluide.<\/p>\n\n\n\n<h2><span style=\"background-color: rgb(255, 255, 255);\">M<\/span><strong>on syst\u00e8me nerveux p\u00e9riph\u00e9rique se r\u00e9g\u00e9n\u00e8<\/strong>re toujours<\/h2>\n\n\n\n<p>Aujourd\u2019hui, un mois et demi apr\u00e8s ma sortie d\u2019h\u00f4pital, je ressens au quotidien, de mani\u00e8re discontinue et \u00e0 divers endroits de mon corps, des spasmes nerveux\/musculaires. \u00c7a ne s\u2019arr\u00eate pas. C\u2019est quelque peu d\u00e9sagr\u00e9able, mais <strong>mon m\u00e9decin m\u2019a dit que c\u2019\u00e9tait bon signe et que \u00e7a signifiait que mon syst\u00e8me nerveux p\u00e9riph\u00e9rique se r\u00e9g\u00e9n\u00e9rait<\/strong>.<\/p>\n\n\n\n<p>Pour avoir v\u00e9cue une forme l\u00e9g\u00e8re du syndrome de Guillain-Barr\u00e9, j\u2019imagine le traumatisme que doit \u00eatre une forme plus grave. Je souhaite beaucoup de courage \u00e0 toutes les personnes qui sont en train de se battre actuellement avec le syndrome. Le chemin sera plus ou moins long, sem\u00e9 d\u2019emb\u00fbches et de victoires, mais on en gu\u00e9rit !!! Et pour \u00e7a, nous sommes chanceux, il faut rester positif et retrouver le moral malgr\u00e9 ces moments difficiles. FORCE A VOUS !<\/p>\n","protected":false},"excerpt":{"rendered":"<p>J&rsquo;ai 23 ans. Pensant arriver &agrave; la fin de mon infection &agrave; la COVID-19, je me surprends &agrave; ressentir une sensation &eacute;trange dans le bout de mes doigts et mes orteils, une eau qui me semble glac&eacute;e sur le bout de mes doigts quand je me lave les mains, un<\/p>\n","protected":false},"author":1,"featured_media":933,"comment_status":"open","ping_status":"open","sticky":false,"template":"","format":"standard","meta":[],"categories":[67],"tags":[23,5,85,88],"yoast_head":"<!-- This site is optimized with the Yoast SEO plugin v19.4 - https:\/\/yoast.com\/wordpress\/plugins\/seo\/ -->\n<title>Les sympt\u00f4mes du Guillain-Barr\u00e9 ont commenc\u00e9 \u00e0 la fin de mon infection \u00e0 la COVID-19 : raideurs, manque de force, douleurs... - Le Syndrome de Guillain-Barr\u00e9<\/title>\n<meta name=\"description\" content=\"Je pense que les sensations \u00e9tranges au bout des doigts et des orteils sont dues \u00e0 la Covid, mais c&#039;est le Guillain-Barr\u00e9 le responsable.\" \/>\n<meta name=\"robots\" content=\"index, follow, max-snippet:-1, max-image-preview:large, max-video-preview:-1\" \/>\n<link rel=\"canonical\" href=\"https:\/\/guillainbarre.fr\/index.php\/2020\/07\/07\/guillain-barre-covid\/\" \/>\n<meta property=\"og:locale\" content=\"fr_FR\" \/>\n<meta property=\"og:type\" content=\"article\" \/>\n<meta property=\"og:title\" content=\"Les sympt\u00f4mes du Guillain-Barr\u00e9 ont commenc\u00e9 \u00e0 la fin de mon infection \u00e0 la COVID-19 : raideurs, manque de force, douleurs... - Le Syndrome de Guillain-Barr\u00e9\" \/>\n<meta property=\"og:description\" content=\"Je pense que les sensations \u00e9tranges au bout des doigts et des orteils sont dues \u00e0 la Covid, mais c&#039;est le Guillain-Barr\u00e9 le responsable.\" \/>\n<meta property=\"og:url\" content=\"https:\/\/guillainbarre.fr\/index.php\/2020\/07\/07\/guillain-barre-covid\/\" \/>\n<meta property=\"og:site_name\" content=\"Le Syndrome de Guillain-Barr\u00e9\" \/>\n<meta property=\"article:published_time\" content=\"2020-07-07T16:43:00+00:00\" \/>\n<meta property=\"article:modified_time\" content=\"2021-11-22T18:06:38+00:00\" \/>\n<meta property=\"og:image\" content=\"https:\/\/guillainbarre.fr\/wp-content\/uploads\/2021\/11\/Les-symptomes-du-Guillain-Barre.jpg\" \/>\n\t<meta property=\"og:image:width\" content=\"1360\" \/>\n\t<meta property=\"og:image:height\" content=\"765\" \/>\n\t<meta property=\"og:image:type\" content=\"image\/jpeg\" \/>\n<meta name=\"author\" content=\"Fred\" \/>\n<meta name=\"twitter:card\" content=\"summary_large_image\" \/>\n<meta name=\"twitter:label1\" content=\"\u00c9crit par\" \/>\n\t<meta name=\"twitter:data1\" content=\"Fred\" \/>\n\t<meta name=\"twitter:label2\" content=\"Dur\u00e9e de lecture estim\u00e9e\" \/>\n\t<meta name=\"twitter:data2\" content=\"4 minutes\" \/>\n<script type=\"application\/ld+json\" class=\"yoast-schema-graph\">{\"@context\":\"https:\/\/schema.org\",\"@graph\":[{\"@type\":\"WebSite\",\"@id\":\"https:\/\/guillainbarre.fr\/#website\",\"url\":\"https:\/\/guillainbarre.fr\/\",\"name\":\"Le Syndrome de Guillain-Barr\u00e9\",\"description\":\"T\u00e9moignages et informations autour de la maladie\",\"potentialAction\":[{\"@type\":\"SearchAction\",\"target\":{\"@type\":\"EntryPoint\",\"urlTemplate\":\"https:\/\/guillainbarre.fr\/?s={search_term_string}\"},\"query-input\":\"required name=search_term_string\"}],\"inLanguage\":\"fr-FR\"},{\"@type\":\"WebPage\",\"@id\":\"https:\/\/guillainbarre.fr\/index.php\/2020\/07\/07\/guillain-barre-covid\/\",\"url\":\"https:\/\/guillainbarre.fr\/index.php\/2020\/07\/07\/guillain-barre-covid\/\",\"name\":\"Les sympt\u00f4mes du Guillain-Barr\u00e9 ont commenc\u00e9 \u00e0 la fin de mon infection \u00e0 la COVID-19 : raideurs, manque de force, douleurs... - Le Syndrome de Guillain-Barr\u00e9\",\"isPartOf\":{\"@id\":\"https:\/\/guillainbarre.fr\/#website\"},\"datePublished\":\"2020-07-07T16:43:00+00:00\",\"dateModified\":\"2021-11-22T18:06:38+00:00\",\"author\":{\"@id\":\"https:\/\/guillainbarre.fr\/#\/schema\/person\/4d13e9ab0baabd711f2d645cdcada3ac\"},\"description\":\"Je pense que les sensations \u00e9tranges au bout des doigts et des orteils sont dues \u00e0 la Covid, mais c'est le Guillain-Barr\u00e9 le responsable.\",\"breadcrumb\":{\"@id\":\"https:\/\/guillainbarre.fr\/index.php\/2020\/07\/07\/guillain-barre-covid\/#breadcrumb\"},\"inLanguage\":\"fr-FR\",\"potentialAction\":[{\"@type\":\"ReadAction\",\"target\":[\"https:\/\/guillainbarre.fr\/index.php\/2020\/07\/07\/guillain-barre-covid\/\"]}]},{\"@type\":\"BreadcrumbList\",\"@id\":\"https:\/\/guillainbarre.fr\/index.php\/2020\/07\/07\/guillain-barre-covid\/#breadcrumb\",\"itemListElement\":[{\"@type\":\"ListItem\",\"position\":1,\"name\":\"Accueil\",\"item\":\"https:\/\/guillainbarre.fr\/\"},{\"@type\":\"ListItem\",\"position\":2,\"name\":\"Les sympt\u00f4mes du Guillain-Barr\u00e9 ont commenc\u00e9 \u00e0 la fin de mon infection \u00e0 la COVID-19 : raideurs, manque de force, douleurs&#8230;\"}]},{\"@type\":\"Person\",\"@id\":\"https:\/\/guillainbarre.fr\/#\/schema\/person\/4d13e9ab0baabd711f2d645cdcada3ac\",\"name\":\"Fred\",\"image\":{\"@type\":\"ImageObject\",\"inLanguage\":\"fr-FR\",\"@id\":\"https:\/\/guillainbarre.fr\/#\/schema\/person\/image\/\",\"url\":\"https:\/\/secure.gravatar.com\/avatar\/ef38e2bf85ad4796e165952986bdac79?s=96&d=retro&r=g\",\"contentUrl\":\"https:\/\/secure.gravatar.com\/avatar\/ef38e2bf85ad4796e165952986bdac79?s=96&d=retro&r=g\",\"caption\":\"Fred\"},\"sameAs\":[\"http:\/\/guillainbarre.fr\"],\"url\":\"https:\/\/guillainbarre.fr\/index.php\/author\/admin8110\/\"}]}<\/script>\n<!-- \/ Yoast SEO plugin. -->","yoast_head_json":{"title":"Les sympt\u00f4mes du Guillain-Barr\u00e9 ont commenc\u00e9 \u00e0 la fin de mon infection \u00e0 la COVID-19 : raideurs, manque de force, douleurs... - Le Syndrome de Guillain-Barr\u00e9","description":"Je pense que les sensations \u00e9tranges au bout des doigts et des orteils sont dues \u00e0 la Covid, mais c'est le Guillain-Barr\u00e9 le responsable.","robots":{"index":"index","follow":"follow","max-snippet":"max-snippet:-1","max-image-preview":"max-image-preview:large","max-video-preview":"max-video-preview:-1"},"canonical":"https:\/\/guillainbarre.fr\/index.php\/2020\/07\/07\/guillain-barre-covid\/","og_locale":"fr_FR","og_type":"article","og_title":"Les sympt\u00f4mes du Guillain-Barr\u00e9 ont commenc\u00e9 \u00e0 la fin de mon infection \u00e0 la COVID-19 : raideurs, manque de force, douleurs... - Le Syndrome de Guillain-Barr\u00e9","og_description":"Je pense que les sensations \u00e9tranges au bout des doigts et des orteils sont dues \u00e0 la Covid, mais c'est le Guillain-Barr\u00e9 le responsable.","og_url":"https:\/\/guillainbarre.fr\/index.php\/2020\/07\/07\/guillain-barre-covid\/","og_site_name":"Le Syndrome de Guillain-Barr\u00e9","article_published_time":"2020-07-07T16:43:00+00:00","article_modified_time":"2021-11-22T18:06:38+00:00","og_image":[{"width":1360,"height":765,"url":"https:\/\/guillainbarre.fr\/wp-content\/uploads\/2021\/11\/Les-symptomes-du-Guillain-Barre.jpg","type":"image\/jpeg"}],"author":"Fred","twitter_card":"summary_large_image","twitter_misc":{"\u00c9crit par":"Fred","Dur\u00e9e de lecture estim\u00e9e":"4 minutes"},"schema":{"@context":"https:\/\/schema.org","@graph":[{"@type":"WebSite","@id":"https:\/\/guillainbarre.fr\/#website","url":"https:\/\/guillainbarre.fr\/","name":"Le Syndrome de Guillain-Barr\u00e9","description":"T\u00e9moignages et informations autour de la maladie","potentialAction":[{"@type":"SearchAction","target":{"@type":"EntryPoint","urlTemplate":"https:\/\/guillainbarre.fr\/?s={search_term_string}"},"query-input":"required name=search_term_string"}],"inLanguage":"fr-FR"},{"@type":"WebPage","@id":"https:\/\/guillainbarre.fr\/index.php\/2020\/07\/07\/guillain-barre-covid\/","url":"https:\/\/guillainbarre.fr\/index.php\/2020\/07\/07\/guillain-barre-covid\/","name":"Les sympt\u00f4mes du Guillain-Barr\u00e9 ont commenc\u00e9 \u00e0 la fin de mon infection \u00e0 la COVID-19 : raideurs, manque de force, douleurs... - Le Syndrome de Guillain-Barr\u00e9","isPartOf":{"@id":"https:\/\/guillainbarre.fr\/#website"},"datePublished":"2020-07-07T16:43:00+00:00","dateModified":"2021-11-22T18:06:38+00:00","author":{"@id":"https:\/\/guillainbarre.fr\/#\/schema\/person\/4d13e9ab0baabd711f2d645cdcada3ac"},"description":"Je pense que les sensations \u00e9tranges au bout des doigts et des orteils sont dues \u00e0 la Covid, mais c'est le Guillain-Barr\u00e9 le responsable.","breadcrumb":{"@id":"https:\/\/guillainbarre.fr\/index.php\/2020\/07\/07\/guillain-barre-covid\/#breadcrumb"},"inLanguage":"fr-FR","potentialAction":[{"@type":"ReadAction","target":["https:\/\/guillainbarre.fr\/index.php\/2020\/07\/07\/guillain-barre-covid\/"]}]},{"@type":"BreadcrumbList","@id":"https:\/\/guillainbarre.fr\/index.php\/2020\/07\/07\/guillain-barre-covid\/#breadcrumb","itemListElement":[{"@type":"ListItem","position":1,"name":"Accueil","item":"https:\/\/guillainbarre.fr\/"},{"@type":"ListItem","position":2,"name":"Les sympt\u00f4mes du Guillain-Barr\u00e9 ont commenc\u00e9 \u00e0 la fin de mon infection \u00e0 la COVID-19 : raideurs, manque de force, douleurs&#8230;"}]},{"@type":"Person","@id":"https:\/\/guillainbarre.fr\/#\/schema\/person\/4d13e9ab0baabd711f2d645cdcada3ac","name":"Fred","image":{"@type":"ImageObject","inLanguage":"fr-FR","@id":"https:\/\/guillainbarre.fr\/#\/schema\/person\/image\/","url":"https:\/\/secure.gravatar.com\/avatar\/ef38e2bf85ad4796e165952986bdac79?s=96&d=retro&r=g","contentUrl":"https:\/\/secure.gravatar.com\/avatar\/ef38e2bf85ad4796e165952986bdac79?s=96&d=retro&r=g","caption":"Fred"},"sameAs":["http:\/\/guillainbarre.fr"],"url":"https:\/\/guillainbarre.fr\/index.php\/author\/admin8110\/"}]}},"_links":{"self":[{"href":"https:\/\/guillainbarre.fr\/index.php\/wp-json\/wp\/v2\/posts\/932"}],"collection":[{"href":"https:\/\/guillainbarre.fr\/index.php\/wp-json\/wp\/v2\/posts"}],"about":[{"href":"https:\/\/guillainbarre.fr\/index.php\/wp-json\/wp\/v2\/types\/post"}],"author":[{"embeddable":true,"href":"https:\/\/guillainbarre.fr\/index.php\/wp-json\/wp\/v2\/users\/1"}],"replies":[{"embeddable":true,"href":"https:\/\/guillainbarre.fr\/index.php\/wp-json\/wp\/v2\/comments?post=932"}],"version-history":[{"count":1,"href":"https:\/\/guillainbarre.fr\/index.php\/wp-json\/wp\/v2\/posts\/932\/revisions"}],"predecessor-version":[{"id":934,"href":"https:\/\/guillainbarre.fr\/index.php\/wp-json\/wp\/v2\/posts\/932\/revisions\/934"}],"wp:featuredmedia":[{"embeddable":true,"href":"https:\/\/guillainbarre.fr\/index.php\/wp-json\/wp\/v2\/media\/933"}],"wp:attachment":[{"href":"https:\/\/guillainbarre.fr\/index.php\/wp-json\/wp\/v2\/media?parent=932"}],"wp:term":[{"taxonomy":"category","embeddable":true,"href":"https:\/\/guillainbarre.fr\/index.php\/wp-json\/wp\/v2\/categories?post=932"},{"taxonomy":"post_tag","embeddable":true,"href":"https:\/\/guillainbarre.fr\/index.php\/wp-json\/wp\/v2\/tags?post=932"}],"curies":[{"name":"wp","href":"https:\/\/api.w.org\/{rel}","templated":true}]}}