{"id":903,"date":"2013-11-06T16:56:00","date_gmt":"2013-11-06T15:56:00","guid":{"rendered":"https:\/\/guillainbarre.fr\/?p=903"},"modified":"2021-11-21T17:26:34","modified_gmt":"2021-11-21T16:26:34","slug":"ponction-lombaire-diagnostiquer-guillain-barre","status":"publish","type":"post","link":"https:\/\/guillainbarre.fr\/index.php\/2013\/11\/06\/ponction-lombaire-diagnostiquer-guillain-barre\/","title":{"rendered":"A tous, parents, fr\u00e8res, s\u0153urs de patients atteints du Guillain-Barr\u00e9 : tenez bon, gardez espoir, restez patients, ne pensez pas au lendemain."},"content":{"rendered":"\n<p class=\"has-drop-cap\"><strong>J&rsquo;apporte ici mon t\u00e9moignage sur le Guillain-Barr\u00e9 en tant que maman d&rsquo;une victime de ce syndrome, forme fulgurante. Ma fille Jeanne a eu de fortes fi\u00e8vres 39\/40\u00b0 durant 8 jours avec vomissements et apparition d&rsquo;une boule de quelques centim\u00e8tres au niveau du cou sur la droite. Trois visites chez deux m\u00e9decins diff\u00e9rents ne nous ont pas aid\u00e9s. \u00ab C&rsquo;est grippal, prenez du Dafalgan \u00bb .<\/strong><\/p>\n\n\n\n<blockquote class=\"wp-block-quote\"><p>Fran\u00e7oise t\u00e9moigne pour sa fille Jeanne<\/p><cite>Guillain-Barr\u00e9 \u00e0 22 ans (en 2013)<\/cite><\/blockquote>\n\n\n\n<h2>Une ponction lombaire pour diagnostiquer le Guillain-Barr\u00e9 <\/h2>\n\n\n\n<p>Le jour o\u00f9 la fi\u00e8vre est tomb\u00e9e (1er mai 2013) le premier sympt\u00f4me est apparu : engourdissement de la main puis dans la nuit et le lendemain, les pieds, les jambes, perte de puissance dans la voix, probl\u00e8mes de d\u00e9glutition .J&#8217;emm\u00e8ne Jeanne le 2 mai chez <strong>notre m\u00e9decin g\u00e9n\u00e9raliste qui nous envoie imm\u00e9diatement aux urgences<\/strong>. Apres plusieurs examens (radio thorax, scanner c\u00e9r\u00e9bral, etc) c&rsquo;est la <a href=\"https:\/\/www.santemagazine.fr\/sante\/examens-medicaux\/prelevements\/ponction-lombaire-176915\" data-internallinksmanager029f6b8e52c=\"1\" title=\"Ponction lombaire\" target=\"_blank\" rel=\"noopener\">ponction lombaire<\/a> qui permet d&rsquo;\u00e9tablir le diagnostic du Guillain-Barr\u00e9.<\/p>\n\n\n\n<p>Jeanne est hospitalis\u00e9e en soins intensifs le 2 mai au soir et trait\u00e9e directement aux <a href=\"https:\/\/sante.journaldesfemmes.fr\/fiches-anatomie-et-examens\/2513450-gammaglobuline-definition-augmentation-baisse\" data-internallinksmanager029f6b8e52c=\"27\" title=\"Gammaglobulines\" target=\"_blank\" rel=\"noopener\">gammaglobulines<\/a> durant 5 jours. Elle est plac\u00e9e sous respiration artificielle avec intubation d\u00e8s le 3 mai, soit 48 heures apr\u00e8s ses premiers engourdissements. Une sonde urinaire est install\u00e9e, une <a href=\"https:\/\/sante-medecine.journaldesfemmes.fr\/faq\/14200-sonde-gastrique-definition\" data-internallinksmanager029f6b8e52c=\"29\" title=\"Sonde gastrique\" target=\"_blank\" rel=\"noopener\">sonde gastrique<\/a> aussi, <strong>elle a des tuyaux de partout<\/strong>\u2026<\/p>\n\n\n\n<h2><strong>Jeanne aura des s\u00e9quelles graves<\/strong> du Guillain-Barr\u00e9<\/h2>\n\n\n\n<p>A partir de l\u00e0, son \u00e9tat empire durant 6 jours. C&rsquo;est la descente aux enfers. Elle devient totalement paralys\u00e9e, les paupi\u00e8res sont ferm\u00e9es, elle ne bouge plus, son c\u0153ur s&#8217;emballe, sa tension monte et descend dans les extr\u00eames.. <strong>Jamais la mort n&rsquo;est \u00e9voqu\u00e9e mais je sais que Jeanne n&rsquo;en est pas pass\u00e9e loin<\/strong>.<\/p>\n\n\n\n<p>Le 7 mai, rendez-vous est pris \u00e0 notre demande (son papa, sa s\u0153ur et moi) avec une neurologue de l&rsquo;h\u00f4pital, celle-l\u00e0 m\u00eame qui a diagnostiqu\u00e9 le syndrome de Guillain-Barr\u00e9 chez notre Jeanne. Et l\u00e0, alors que nous nous effor\u00e7ons de tenir le coup face \u00e0 l&rsquo;\u00e9tat de Jeanne, que nous gardons espoir car nous savons que le Guillain-Barr\u00e9 est r\u00e9versible, ce m\u00e9decin nous annonce que nous devons nous pr\u00e9parer au pire. M\u00eame si Jeanne survit, <strong>elle aura des s\u00e9quelles graves, le cerveau est atteint<\/strong>.<\/p>\n\n\n\n<h2>Garder espoir et rester fort<\/h2>\n\n\n\n<p>Comment expliquer l&rsquo;\u00e9tat dans lequel je me suis retrouv\u00e9e en sortant de cette discussion ? Comme si tout s&rsquo;effondrait autour de moi. Et puis, gr\u00e2ce au papa de Jeanne qui nous a secou\u00e9 un bon coup, nous avons repris espoir en nous souvenant du grand p\u00e8re paternel de Jeanne <strong>qui a fait aussi un syndrome de Guillain-Barr\u00e9 21 ans plus t\u00f4t<\/strong> et qui n&rsquo;en a gard\u00e9 quasi aucune s\u00e9quelle.<\/p>\n\n\n\n<p>Il faut surtout garder l&rsquo;espoir dans ce long chemin, rester fort, pour Jeanne qui souffre d\u00e9j\u00e0 tant.<\/p>\n\n\n\n<h2>Premiers progr\u00e8s, dans la douleur<\/h2>\n\n\n\n<p>Du 8 au 11 mai, on parle d&rsquo;une phase \u00ab plateau \u00bb et le 11 mai, voil\u00e0 que la paupi\u00e8re droite s&rsquo;ouvre lentement. Apr\u00e8s, ce sera la reprise de l\u00e9gers mouvements de la paupi\u00e8re gauche, la t\u00eate, la m\u00e2choire, la bouche, le haut du visage, le cou, les \u00e9paules, le thorax, le bassin\u2026 \u00c7a rebouge dans la douleur mais on sait que tout reviendra. Jeanne est trach\u00e9otomis\u00e9e le 14 mai, la respiration revient progressivement et d\u00e9finitivement le 11 juin, avec elle retour aussi \u00e0 la parole ! <strong>Grand soulagement apr\u00e8s 40 jours sans pouvoir parler<\/strong>.<\/p>\n\n\n\n<p>Parall\u00e8lement aux douleurs physiques, Jeanne subit de terrifiantes hallucinations qui nous plongent dans une impuissance totale. Je garderai toujours en m\u00e9moire ses grands yeux terrifi\u00e9s. Une fois qu&rsquo;elle pouvait communiquer avec le syst\u00e8me des lettres de l&rsquo;alphabet et que nous avons pu savoir ce qu&rsquo;elle hallucinait, c&rsquo;\u00e9tait aussi terrible pour nous de par la violence de ces visions.<\/p>\n\n\n\n<p><strong>Jeanne quitte les soins intensifs apr\u00e8s 2 mois<\/strong> pour rejoindre un centre de revalidation sp\u00e9cialis\u00e9 en maladies neurologiques o\u00f9 elle restera 3 mois. Elle exp\u00e9rimente les fauteuils roulants, les rollateurs, les appareils sophistiqu\u00e9s de kin\u00e9sith\u00e9rapie.<\/p>\n\n\n\n<h2>Un r\u00e9tablissement remarquable <\/h2>\n\n\n\n<p>Cela fait 1 mois que Jeanne est revenue \u00e0 la maison. <strong>Elle fait de la kin\u00e9 tous les jours<\/strong>, marche en s&rsquo;aidant d&rsquo;un b\u00e2ton de randonn\u00e9e. Les gros orteils de ses 2 pieds ne sont pas encore \u00ab r\u00e9veill\u00e9s \u00bb. Elle porte des orth\u00e8ses pour \u00e9viter de se croquer un orteil, les douleurs aigues et encore fortes subsistent au niveau des pieds.<\/p>\n\n\n\n<p>Nous sommes \u00e0 six mois apr\u00e8s le d\u00e9but des sympt\u00f4mes de <strong>cette forme fulgurante du Guillain-Barr\u00e9<\/strong>, les m\u00e9decins trouvent que le r\u00e9tablissement de Jeanne est remarquable au niveau temps. Pour Jeanne et pour nous, c&rsquo;est long\u2026<\/p>\n\n\n\n<p>Je voudrais aussi dire combien <strong>le moral de Jeanne a \u00e9t\u00e9 capital dans sa revalidation<\/strong>, une fois qu&rsquo;elle a compris que tout reviendrai, elle a \u00e9t\u00e9 tr\u00e8s positive.<\/p>\n\n\n\n<h2>R\u00e9flexions d&rsquo;une maman en d\u00e9tresse<\/h2>\n\n\n\n<p>Pour moi sa maman, la premi\u00e8re quinzaine a \u00e9t\u00e9 la plus difficile car j&rsquo;ai pens\u00e9 que Jeanne ne sortirai pas vivante. Par la suite, <strong>je savais qu&rsquo;elle allait r\u00e9cup\u00e9rer mais j&rsquo;avais deux grandes peurs<\/strong>. La premi\u00e8re \u00e9tait : dans quel \u00e9tat ? Jeanne restera-t-elle en partie paralys\u00e9e, conservera-t-elle ses tremblements de t\u00eate, des membres ? La deuxi\u00e8me peur \u00e9tait li\u00e9e aux infections opportunistes qu&rsquo;elle attrapait, pneumonie, infections urinaires et puis quoi d&rsquo;autre ?<\/p>\n\n\n\n<p>Je faisais le trajet (1 heure aller-retour) depuis mon domicile vers l&rsquo;h\u00f4pital le midi et le soir. Combien de fois des pens\u00e9es morbides et sombres ne m&rsquo;ont-elles pas envahies ? <strong>Je n&rsquo;ai jamais autant pleur\u00e9 de toute ma vie<\/strong>. Rester forte en rentrant dans le service des soins intensifs, ne pas craquer, il faut tenir, et une fois sortie, l&rsquo;\u00e9puisement psychique \u2026 (Respirer des bonnes huiles essentielles m&rsquo;ont beaucoup aid\u00e9e.)<\/p>\n\n\n\n<p>A tous, parents, fr\u00e8res, s\u0153urs de patients atteints de ce syndrome de Guillain-Barr\u00e9, je voudrais dire courage, tenez bon, gardez espoir, restez patients, tr\u00e8s patients et surtout ne pensez pas au lendemain. Pensez au jour pr\u00e9sent, \u00ab un jour \u00e0 la fois \u00bb, le chemin est long, difficile, il faut rester concentr\u00e9 sur la gu\u00e9rison, ne pas se laisser envahir de pens\u00e9es n\u00e9gatives.<\/p>\n\n\n\n<p>Si les victimes du  syndrome de Guillain-Barr\u00e9 sont \u00e0 jamais marqu\u00e9s, leurs proches ne sortent pas indemnes de cette \u00ab aventure \u00bb. On a beau savoir que cela existe, <strong>quand \u00e7a vous tombe dessus, vous n&rsquo;\u00eates plus bon \u00e0 grand-chose<\/strong>. Je viens de l&rsquo;exp\u00e9rimenter durant ce mois pass\u00e9. Et si j&rsquo;ai enfin pu \u00e9crire ce t\u00e9moignage sur le Guillain-Barr\u00e9 de ma fille, c&rsquo;est que je sens que je retrouve l&rsquo;\u00e9nergie qui m&rsquo;avait quitt\u00e9e.<\/p>\n","protected":false},"excerpt":{"rendered":"<p>J&rsquo;apporte ici mon t&eacute;moignage sur le Guillain-Barr&eacute; en tant que maman d&rsquo;une victime de ce syndrome, forme fulgurante. Ma fille Jeanne a eu de fortes fi&egrave;vres 39\/40&deg; durant 8 jours avec vomissements et apparition d&rsquo;une boule de quelques centim&egrave;tres au niveau du cou sur la droite. Trois visites chez deux<\/p>\n","protected":false},"author":1,"featured_media":905,"comment_status":"open","ping_status":"open","sticky":false,"template":"","format":"standard","meta":[],"categories":[69],"tags":[18,23,88,6],"yoast_head":"<!-- This site is optimized with the Yoast SEO plugin v19.4 - https:\/\/yoast.com\/wordpress\/plugins\/seo\/ -->\n<title>A tous, parents, fr\u00e8res, s\u0153urs de patients atteints du Guillain-Barr\u00e9 : tenez bon, gardez espoir, restez patients, ne pensez pas au lendemain. - Le Syndrome de Guillain-Barr\u00e9<\/title>\n<meta name=\"description\" content=\"Notre m\u00e9decin nous envoie aux urgences. Apres plusieurs examens, la ponction lombaire permet d&#039;\u00e9tablir le diagnostic du Guillain-Barr\u00e9.\" \/>\n<meta name=\"robots\" content=\"index, follow, max-snippet:-1, max-image-preview:large, max-video-preview:-1\" \/>\n<link rel=\"canonical\" href=\"https:\/\/guillainbarre.fr\/index.php\/2013\/11\/06\/ponction-lombaire-diagnostiquer-guillain-barre\/\" \/>\n<meta property=\"og:locale\" content=\"fr_FR\" \/>\n<meta property=\"og:type\" content=\"article\" \/>\n<meta property=\"og:title\" content=\"A tous, parents, fr\u00e8res, s\u0153urs de patients atteints du Guillain-Barr\u00e9 : tenez bon, gardez espoir, restez patients, ne pensez pas au lendemain. - Le Syndrome de Guillain-Barr\u00e9\" \/>\n<meta property=\"og:description\" content=\"Notre m\u00e9decin nous envoie aux urgences. Apres plusieurs examens, la ponction lombaire permet d&#039;\u00e9tablir le diagnostic du Guillain-Barr\u00e9.\" \/>\n<meta property=\"og:url\" content=\"https:\/\/guillainbarre.fr\/index.php\/2013\/11\/06\/ponction-lombaire-diagnostiquer-guillain-barre\/\" \/>\n<meta property=\"og:site_name\" content=\"Le Syndrome de Guillain-Barr\u00e9\" \/>\n<meta property=\"article:published_time\" content=\"2013-11-06T15:56:00+00:00\" \/>\n<meta property=\"article:modified_time\" content=\"2021-11-21T16:26:34+00:00\" \/>\n<meta property=\"og:image\" content=\"https:\/\/guillainbarre.fr\/wp-content\/uploads\/2013\/11\/ponction-lombaire-diagnostiquer-Guillain-Barre.jpg\" \/>\n\t<meta property=\"og:image:width\" content=\"1360\" \/>\n\t<meta property=\"og:image:height\" content=\"765\" \/>\n\t<meta property=\"og:image:type\" content=\"image\/jpeg\" \/>\n<meta name=\"author\" content=\"Fred\" \/>\n<meta name=\"twitter:card\" content=\"summary_large_image\" \/>\n<meta name=\"twitter:label1\" content=\"\u00c9crit par\" \/>\n\t<meta name=\"twitter:data1\" content=\"Fred\" \/>\n\t<meta name=\"twitter:label2\" content=\"Dur\u00e9e de lecture estim\u00e9e\" \/>\n\t<meta name=\"twitter:data2\" content=\"5 minutes\" \/>\n<script type=\"application\/ld+json\" class=\"yoast-schema-graph\">{\"@context\":\"https:\/\/schema.org\",\"@graph\":[{\"@type\":\"WebSite\",\"@id\":\"https:\/\/guillainbarre.fr\/#website\",\"url\":\"https:\/\/guillainbarre.fr\/\",\"name\":\"Le Syndrome de Guillain-Barr\u00e9\",\"description\":\"T\u00e9moignages et informations autour de la maladie\",\"potentialAction\":[{\"@type\":\"SearchAction\",\"target\":{\"@type\":\"EntryPoint\",\"urlTemplate\":\"https:\/\/guillainbarre.fr\/?s={search_term_string}\"},\"query-input\":\"required name=search_term_string\"}],\"inLanguage\":\"fr-FR\"},{\"@type\":\"WebPage\",\"@id\":\"https:\/\/guillainbarre.fr\/index.php\/2013\/11\/06\/ponction-lombaire-diagnostiquer-guillain-barre\/\",\"url\":\"https:\/\/guillainbarre.fr\/index.php\/2013\/11\/06\/ponction-lombaire-diagnostiquer-guillain-barre\/\",\"name\":\"A tous, parents, fr\u00e8res, s\u0153urs de patients atteints du Guillain-Barr\u00e9 : tenez bon, gardez espoir, restez patients, ne pensez pas au lendemain. - Le Syndrome de Guillain-Barr\u00e9\",\"isPartOf\":{\"@id\":\"https:\/\/guillainbarre.fr\/#website\"},\"datePublished\":\"2013-11-06T15:56:00+00:00\",\"dateModified\":\"2021-11-21T16:26:34+00:00\",\"author\":{\"@id\":\"https:\/\/guillainbarre.fr\/#\/schema\/person\/4d13e9ab0baabd711f2d645cdcada3ac\"},\"description\":\"Notre m\u00e9decin nous envoie aux urgences. Apres plusieurs examens, la ponction lombaire permet d'\u00e9tablir le diagnostic du Guillain-Barr\u00e9.\",\"breadcrumb\":{\"@id\":\"https:\/\/guillainbarre.fr\/index.php\/2013\/11\/06\/ponction-lombaire-diagnostiquer-guillain-barre\/#breadcrumb\"},\"inLanguage\":\"fr-FR\",\"potentialAction\":[{\"@type\":\"ReadAction\",\"target\":[\"https:\/\/guillainbarre.fr\/index.php\/2013\/11\/06\/ponction-lombaire-diagnostiquer-guillain-barre\/\"]}]},{\"@type\":\"BreadcrumbList\",\"@id\":\"https:\/\/guillainbarre.fr\/index.php\/2013\/11\/06\/ponction-lombaire-diagnostiquer-guillain-barre\/#breadcrumb\",\"itemListElement\":[{\"@type\":\"ListItem\",\"position\":1,\"name\":\"Accueil\",\"item\":\"https:\/\/guillainbarre.fr\/\"},{\"@type\":\"ListItem\",\"position\":2,\"name\":\"A tous, parents, fr\u00e8res, s\u0153urs de patients atteints du Guillain-Barr\u00e9 : tenez bon, gardez espoir, restez patients, ne pensez pas au lendemain.\"}]},{\"@type\":\"Person\",\"@id\":\"https:\/\/guillainbarre.fr\/#\/schema\/person\/4d13e9ab0baabd711f2d645cdcada3ac\",\"name\":\"Fred\",\"image\":{\"@type\":\"ImageObject\",\"inLanguage\":\"fr-FR\",\"@id\":\"https:\/\/guillainbarre.fr\/#\/schema\/person\/image\/\",\"url\":\"https:\/\/secure.gravatar.com\/avatar\/ef38e2bf85ad4796e165952986bdac79?s=96&d=retro&r=g\",\"contentUrl\":\"https:\/\/secure.gravatar.com\/avatar\/ef38e2bf85ad4796e165952986bdac79?s=96&d=retro&r=g\",\"caption\":\"Fred\"},\"sameAs\":[\"http:\/\/guillainbarre.fr\"],\"url\":\"https:\/\/guillainbarre.fr\/index.php\/author\/admin8110\/\"}]}<\/script>\n<!-- \/ Yoast SEO plugin. -->","yoast_head_json":{"title":"A tous, parents, fr\u00e8res, s\u0153urs de patients atteints du Guillain-Barr\u00e9 : tenez bon, gardez espoir, restez patients, ne pensez pas au lendemain. - Le Syndrome de Guillain-Barr\u00e9","description":"Notre m\u00e9decin nous envoie aux urgences. Apres plusieurs examens, la ponction lombaire permet d'\u00e9tablir le diagnostic du Guillain-Barr\u00e9.","robots":{"index":"index","follow":"follow","max-snippet":"max-snippet:-1","max-image-preview":"max-image-preview:large","max-video-preview":"max-video-preview:-1"},"canonical":"https:\/\/guillainbarre.fr\/index.php\/2013\/11\/06\/ponction-lombaire-diagnostiquer-guillain-barre\/","og_locale":"fr_FR","og_type":"article","og_title":"A tous, parents, fr\u00e8res, s\u0153urs de patients atteints du Guillain-Barr\u00e9 : tenez bon, gardez espoir, restez patients, ne pensez pas au lendemain. - Le Syndrome de Guillain-Barr\u00e9","og_description":"Notre m\u00e9decin nous envoie aux urgences. Apres plusieurs examens, la ponction lombaire permet d'\u00e9tablir le diagnostic du Guillain-Barr\u00e9.","og_url":"https:\/\/guillainbarre.fr\/index.php\/2013\/11\/06\/ponction-lombaire-diagnostiquer-guillain-barre\/","og_site_name":"Le Syndrome de Guillain-Barr\u00e9","article_published_time":"2013-11-06T15:56:00+00:00","article_modified_time":"2021-11-21T16:26:34+00:00","og_image":[{"width":1360,"height":765,"url":"https:\/\/guillainbarre.fr\/wp-content\/uploads\/2013\/11\/ponction-lombaire-diagnostiquer-Guillain-Barre.jpg","type":"image\/jpeg"}],"author":"Fred","twitter_card":"summary_large_image","twitter_misc":{"\u00c9crit par":"Fred","Dur\u00e9e de lecture estim\u00e9e":"5 minutes"},"schema":{"@context":"https:\/\/schema.org","@graph":[{"@type":"WebSite","@id":"https:\/\/guillainbarre.fr\/#website","url":"https:\/\/guillainbarre.fr\/","name":"Le Syndrome de Guillain-Barr\u00e9","description":"T\u00e9moignages et informations autour de la maladie","potentialAction":[{"@type":"SearchAction","target":{"@type":"EntryPoint","urlTemplate":"https:\/\/guillainbarre.fr\/?s={search_term_string}"},"query-input":"required name=search_term_string"}],"inLanguage":"fr-FR"},{"@type":"WebPage","@id":"https:\/\/guillainbarre.fr\/index.php\/2013\/11\/06\/ponction-lombaire-diagnostiquer-guillain-barre\/","url":"https:\/\/guillainbarre.fr\/index.php\/2013\/11\/06\/ponction-lombaire-diagnostiquer-guillain-barre\/","name":"A tous, parents, fr\u00e8res, s\u0153urs de patients atteints du Guillain-Barr\u00e9 : tenez bon, gardez espoir, restez patients, ne pensez pas au lendemain. - Le Syndrome de Guillain-Barr\u00e9","isPartOf":{"@id":"https:\/\/guillainbarre.fr\/#website"},"datePublished":"2013-11-06T15:56:00+00:00","dateModified":"2021-11-21T16:26:34+00:00","author":{"@id":"https:\/\/guillainbarre.fr\/#\/schema\/person\/4d13e9ab0baabd711f2d645cdcada3ac"},"description":"Notre m\u00e9decin nous envoie aux urgences. Apres plusieurs examens, la ponction lombaire permet d'\u00e9tablir le diagnostic du Guillain-Barr\u00e9.","breadcrumb":{"@id":"https:\/\/guillainbarre.fr\/index.php\/2013\/11\/06\/ponction-lombaire-diagnostiquer-guillain-barre\/#breadcrumb"},"inLanguage":"fr-FR","potentialAction":[{"@type":"ReadAction","target":["https:\/\/guillainbarre.fr\/index.php\/2013\/11\/06\/ponction-lombaire-diagnostiquer-guillain-barre\/"]}]},{"@type":"BreadcrumbList","@id":"https:\/\/guillainbarre.fr\/index.php\/2013\/11\/06\/ponction-lombaire-diagnostiquer-guillain-barre\/#breadcrumb","itemListElement":[{"@type":"ListItem","position":1,"name":"Accueil","item":"https:\/\/guillainbarre.fr\/"},{"@type":"ListItem","position":2,"name":"A tous, parents, fr\u00e8res, s\u0153urs de patients atteints du Guillain-Barr\u00e9 : tenez bon, gardez espoir, restez patients, ne pensez pas au lendemain."}]},{"@type":"Person","@id":"https:\/\/guillainbarre.fr\/#\/schema\/person\/4d13e9ab0baabd711f2d645cdcada3ac","name":"Fred","image":{"@type":"ImageObject","inLanguage":"fr-FR","@id":"https:\/\/guillainbarre.fr\/#\/schema\/person\/image\/","url":"https:\/\/secure.gravatar.com\/avatar\/ef38e2bf85ad4796e165952986bdac79?s=96&d=retro&r=g","contentUrl":"https:\/\/secure.gravatar.com\/avatar\/ef38e2bf85ad4796e165952986bdac79?s=96&d=retro&r=g","caption":"Fred"},"sameAs":["http:\/\/guillainbarre.fr"],"url":"https:\/\/guillainbarre.fr\/index.php\/author\/admin8110\/"}]}},"_links":{"self":[{"href":"https:\/\/guillainbarre.fr\/index.php\/wp-json\/wp\/v2\/posts\/903"}],"collection":[{"href":"https:\/\/guillainbarre.fr\/index.php\/wp-json\/wp\/v2\/posts"}],"about":[{"href":"https:\/\/guillainbarre.fr\/index.php\/wp-json\/wp\/v2\/types\/post"}],"author":[{"embeddable":true,"href":"https:\/\/guillainbarre.fr\/index.php\/wp-json\/wp\/v2\/users\/1"}],"replies":[{"embeddable":true,"href":"https:\/\/guillainbarre.fr\/index.php\/wp-json\/wp\/v2\/comments?post=903"}],"version-history":[{"count":1,"href":"https:\/\/guillainbarre.fr\/index.php\/wp-json\/wp\/v2\/posts\/903\/revisions"}],"predecessor-version":[{"id":904,"href":"https:\/\/guillainbarre.fr\/index.php\/wp-json\/wp\/v2\/posts\/903\/revisions\/904"}],"wp:featuredmedia":[{"embeddable":true,"href":"https:\/\/guillainbarre.fr\/index.php\/wp-json\/wp\/v2\/media\/905"}],"wp:attachment":[{"href":"https:\/\/guillainbarre.fr\/index.php\/wp-json\/wp\/v2\/media?parent=903"}],"wp:term":[{"taxonomy":"category","embeddable":true,"href":"https:\/\/guillainbarre.fr\/index.php\/wp-json\/wp\/v2\/categories?post=903"},{"taxonomy":"post_tag","embeddable":true,"href":"https:\/\/guillainbarre.fr\/index.php\/wp-json\/wp\/v2\/tags?post=903"}],"curies":[{"name":"wp","href":"https:\/\/api.w.org\/{rel}","templated":true}]}}