{"id":750,"date":"2011-10-18T22:24:00","date_gmt":"2011-10-18T20:24:00","guid":{"rendered":"https:\/\/guillainbarre.fr\/?p=750"},"modified":"2021-11-18T23:47:38","modified_gmt":"2021-11-18T22:47:38","slug":"recuperation-syndrome-de-guillain-barre","status":"publish","type":"post","link":"https:\/\/guillainbarre.fr\/index.php\/2011\/10\/18\/recuperation-syndrome-de-guillain-barre\/","title":{"rendered":"J&rsquo;ai r\u00e9cup\u00e9r\u00e9 tr\u00e8s vite de mon syndrome de Guillain-Barr\u00e9. Les m\u00e9decins \u00e9taient \u00e9tonn\u00e9s vu la gravit\u00e9 de mon \u00e9tat."},"content":{"rendered":"\n<p class=\"has-drop-cap\"><strong>J&rsquo;ai 26 ans et j&rsquo;ai \u00e9t\u00e9 atteinte du SGB, le syndrome de Guillain-Barr\u00e9 en mars 2010. Deux semaines avant d&rsquo;\u00eatre hospitalis\u00e9e, juste avant que la maladie se d\u00e9clare, j&rsquo;\u00e9tais \u00e9puis\u00e9e. Je prenais souvent des Efferalgan car je me sentais courbatur\u00e9e. Je pensais avoir simplement attrap\u00e9 froid !<\/strong><\/p>\n\n\n\n<blockquote class=\"wp-block-quote\"><p>Aur\u00e9lie, 26 ans<\/p><cite>Guillain-Barr\u00e9 \u00e0 25 ans (en 2010)<\/cite><\/blockquote>\n\n\n\n<h2>Le syndrome de Guillain-Barr\u00e9 se r\u00e9v\u00e8le<\/h2>\n\n\n\n<p>J&rsquo;ai ensuite ressenti des engourdissements dans les pieds et les mains, je me sentais de plus en plus faible jusqu&rsquo;au jour o\u00f9 j&rsquo;ai eu du mal \u00e0 marcher. Mon ami m&rsquo;a emmen\u00e9e aux urgences. Rien d&rsquo;alarmant et suite aux r\u00e9sultats de la prise de sang, ils ont donc voulu me renvoyer \u00e0 la maison. Mon ami a insist\u00e9 pour qu&rsquo;ils v\u00e9rifient les r\u00e9flexes de mes jambes et apr\u00e8s \u00e7a, ils m&rsquo;ont finalement gard\u00e9e. Deux jours apr\u00e8s, on m&rsquo;a diagnostiqu\u00e9 le <strong>SGB : le syndrome de Guillain-Barr\u00e9<\/strong>.<\/p>\n\n\n\n<h2>Mon \u00e9tat se d\u00e9grade<\/h2>\n\n\n\n<p>Mon \u00e9tat s&rsquo;est d\u00e9grad\u00e9 tr\u00e8s vite. J\u00a0\u00bbai \u00e9t\u00e9 transf\u00e9r\u00e9e en r\u00e9animation (difficult\u00e9s respiratoires, troubles de la d\u00e9glutition). J&rsquo;ai eu la totale : intubation, sonde urinaire et <a href=\"https:\/\/sante-medecine.journaldesfemmes.fr\/faq\/14200-sonde-gastrique-definition\" data-internallinksmanager029f6b8e52c=\"29\" title=\"Sonde gastrique\" target=\"_blank\" rel=\"noopener\">sonde gastrique<\/a>, paralys\u00e9e jusqu&rsquo;au visage, tachycardie, infection urinaire et pulmonaire\u2026 C&rsquo;\u00e9tait tellement dur que je voulais qu&rsquo;on m&rsquo;endorme et qu&rsquo;on me r\u00e9veille une fois la maladie termin\u00e9e. Mais il fallait rester \u00e9veill\u00e9e pour combattre la maladie.<\/p>\n\n\n\n<p>J&rsquo;ai eu un premier traitement : injection d&rsquo;immunoglobines intraveineuses qui n&rsquo;a pas fonctionn\u00e9 : mon \u00e9tat continuait \u00e0 empirer. Puis la <a href=\"https:\/\/www.larousse.fr\/encyclopedie\/medical\/plasmaph%C3%A9r%C3%A8se\/3387\" data-internallinksmanager029f6b8e52c=\"10\" title=\"plasmaph\u00e9r\u00e8se\">plasmaph\u00e9r\u00e8se<\/a> qui ne s&rsquo;est pas toujours bien pass\u00e9e mais qui a stabilis\u00e9 mon \u00e9tat. <strong>J&rsquo;avais du mal \u00e0 accepter la visite des proches<\/strong>, je me sentais \u00ab\u00a0\u00e9touff\u00e9e\u00a0\u00bb, d&rsquo;autant plus que leur r\u00e9action me faisait vraiment prendre conscience de l&rsquo;\u00e9tat dans lequel je me trouvais. J\u00a0\u00bb\u00e9tais angoiss\u00e9e. Seule la pr\u00e9sence de mon conjoint me rassurait et m&rsquo;apaisait.<\/p>\n\n\n\n<h2> La vie est belle !!! <\/h2>\n\n\n\n<p>Je suis seulement rest\u00e9e deux-trois semaines en r\u00e9animation et le reste en neurologie. Et \u00e0 cela, il faut encore ajouter <strong>4 mois pass\u00e9s dans un centre de r\u00e9\u00e9ducation<\/strong>.<\/p>\n\n\n\n<p>D&rsquo;abord en fauteuil roulant, puis en d\u00e9ambulateur, puis en b\u00e9quilles\u2026 J&rsquo;ai tout de m\u00eame r\u00e9cup\u00e9r\u00e9 tr\u00e8s vite, les m\u00e9decins \u00e9taient \u00e9tonn\u00e9s vu la gravit\u00e9 de mon \u00e9tat. Le neurologue m&rsquo;a avou\u00e9 qu&rsquo;ils avaient vraiment eu peur et que je revenais de loin.<\/p>\n\n\n\n<p>Je me revois encore branch\u00e9e de partout, ne pouvant pas bouger, pas communiquer, angoiss\u00e9e et <strong>j&rsquo;ai vraiment cru que j&rsquo;allais y passer<\/strong> ! En tout cas, cette maladie m&rsquo;a fait prendre conscience de beaucoup de choses\u2026 Et surtout que la vie est belle !!!<\/p>\n\n\n\n<h2>Quasiment aucune s\u00e9quelle de mon Guillain-Barr\u00e9<\/h2>\n\n\n\n<p>J&rsquo;ai repris mon travail en novembre 2010, apr\u00e8s 7 mois de maladie. Je vois la vie diff\u00e9remment depuis. 18 mois apr\u00e8s, je n&rsquo;ai pratiquement pas de s\u00e9quelles ! Seulement des engourdissements dans les doigts lorsque j&rsquo;ai froid et de temps en temps les pieds. <strong>Le plus important a \u00e9t\u00e9 r\u00e9cup\u00e9r\u00e9 les 6 premiers mois et le reste est revenu bien plus tard<\/strong>. Il y avait des s\u00e9quelles que je pensais garder comme par exemple mes orteils qui \u00e9taient engourdis en permanence. Et \u00e7a, je l&rsquo;ai r\u00e9cup\u00e9r\u00e9 il n&rsquo;y a encore pas tr\u00e8s longtemps. Je continue les s\u00e9ances de kin\u00e9 une fois toute les deux semaines.<\/p>\n\n\n\n<p>Je souhaite beaucoup de courage a tous les gens qui passent par cette maladie et \u00e9galement aux proches car c&rsquo;est tr\u00e8s difficile. Mais on s&rsquo;en sort ! Il ne faut pas baisser les bras\u2026<\/p>\n","protected":false},"excerpt":{"rendered":"<p>J&rsquo;ai 26 ans et j&rsquo;ai &eacute;t&eacute; atteinte du SGB, le syndrome de Guillain-Barr&eacute; en mars 2010. Deux semaines avant d&rsquo;&ecirc;tre hospitalis&eacute;e, juste avant que la maladie se d&eacute;clare, j&rsquo;&eacute;tais &eacute;puis&eacute;e. Je prenais souvent des Efferalgan car je me sentais courbatur&eacute;e. Je pensais avoir simplement attrap&eacute; froid ! Aur&eacute;lie, 26 ans<\/p>\n","protected":false},"author":1,"featured_media":752,"comment_status":"open","ping_status":"open","sticky":false,"template":"","format":"standard","meta":[],"categories":[67],"tags":[101,18,23,5,88],"yoast_head":"<!-- This site is optimized with the Yoast SEO plugin v19.4 - https:\/\/yoast.com\/wordpress\/plugins\/seo\/ -->\n<title>J&#039;ai r\u00e9cup\u00e9r\u00e9 tr\u00e8s vite de mon syndrome de Guillain-Barr\u00e9. Les m\u00e9decins \u00e9taient \u00e9tonn\u00e9s vu la gravit\u00e9 de mon \u00e9tat. - Le Syndrome de Guillain-Barr\u00e9<\/title>\n<meta name=\"description\" content=\"Ma r\u00e9cup\u00e9ration du syndrome de Guillain-Barr\u00e9 s&#039;est faite les 6 premiers mois ; le reste est revenu bien plus tard.\" \/>\n<meta name=\"robots\" content=\"index, follow, max-snippet:-1, max-image-preview:large, max-video-preview:-1\" \/>\n<link rel=\"canonical\" href=\"https:\/\/guillainbarre.fr\/index.php\/2011\/10\/18\/recuperation-syndrome-de-guillain-barre\/\" \/>\n<meta property=\"og:locale\" content=\"fr_FR\" \/>\n<meta property=\"og:type\" content=\"article\" \/>\n<meta property=\"og:title\" content=\"J&#039;ai r\u00e9cup\u00e9r\u00e9 tr\u00e8s vite de mon syndrome de Guillain-Barr\u00e9. Les m\u00e9decins \u00e9taient \u00e9tonn\u00e9s vu la gravit\u00e9 de mon \u00e9tat. - Le Syndrome de Guillain-Barr\u00e9\" \/>\n<meta property=\"og:description\" content=\"Ma r\u00e9cup\u00e9ration du syndrome de Guillain-Barr\u00e9 s&#039;est faite les 6 premiers mois ; le reste est revenu bien plus tard.\" \/>\n<meta property=\"og:url\" content=\"https:\/\/guillainbarre.fr\/index.php\/2011\/10\/18\/recuperation-syndrome-de-guillain-barre\/\" \/>\n<meta property=\"og:site_name\" content=\"Le Syndrome de Guillain-Barr\u00e9\" \/>\n<meta property=\"article:published_time\" content=\"2011-10-18T20:24:00+00:00\" \/>\n<meta property=\"article:modified_time\" content=\"2021-11-18T22:47:38+00:00\" \/>\n<meta property=\"og:image\" content=\"https:\/\/guillainbarre.fr\/wp-content\/uploads\/2021\/11\/recuperation-syndrome-de-Guillain-Barre.jpg\" \/>\n\t<meta property=\"og:image:width\" content=\"1360\" \/>\n\t<meta property=\"og:image:height\" content=\"765\" \/>\n\t<meta property=\"og:image:type\" content=\"image\/jpeg\" \/>\n<meta name=\"author\" content=\"Fred\" \/>\n<meta name=\"twitter:card\" content=\"summary_large_image\" \/>\n<meta name=\"twitter:label1\" content=\"\u00c9crit par\" \/>\n\t<meta name=\"twitter:data1\" content=\"Fred\" \/>\n\t<meta name=\"twitter:label2\" content=\"Dur\u00e9e de lecture estim\u00e9e\" \/>\n\t<meta name=\"twitter:data2\" content=\"3 minutes\" \/>\n<script type=\"application\/ld+json\" class=\"yoast-schema-graph\">{\"@context\":\"https:\/\/schema.org\",\"@graph\":[{\"@type\":\"WebSite\",\"@id\":\"https:\/\/guillainbarre.fr\/#website\",\"url\":\"https:\/\/guillainbarre.fr\/\",\"name\":\"Le Syndrome de Guillain-Barr\u00e9\",\"description\":\"T\u00e9moignages et informations autour de la maladie\",\"potentialAction\":[{\"@type\":\"SearchAction\",\"target\":{\"@type\":\"EntryPoint\",\"urlTemplate\":\"https:\/\/guillainbarre.fr\/?s={search_term_string}\"},\"query-input\":\"required name=search_term_string\"}],\"inLanguage\":\"fr-FR\"},{\"@type\":\"WebPage\",\"@id\":\"https:\/\/guillainbarre.fr\/index.php\/2011\/10\/18\/recuperation-syndrome-de-guillain-barre\/\",\"url\":\"https:\/\/guillainbarre.fr\/index.php\/2011\/10\/18\/recuperation-syndrome-de-guillain-barre\/\",\"name\":\"J'ai r\u00e9cup\u00e9r\u00e9 tr\u00e8s vite de mon syndrome de Guillain-Barr\u00e9. Les m\u00e9decins \u00e9taient \u00e9tonn\u00e9s vu la gravit\u00e9 de mon \u00e9tat. - Le Syndrome de Guillain-Barr\u00e9\",\"isPartOf\":{\"@id\":\"https:\/\/guillainbarre.fr\/#website\"},\"datePublished\":\"2011-10-18T20:24:00+00:00\",\"dateModified\":\"2021-11-18T22:47:38+00:00\",\"author\":{\"@id\":\"https:\/\/guillainbarre.fr\/#\/schema\/person\/4d13e9ab0baabd711f2d645cdcada3ac\"},\"description\":\"Ma r\u00e9cup\u00e9ration du syndrome de Guillain-Barr\u00e9 s'est faite les 6 premiers mois ; le reste est revenu bien plus tard.\",\"breadcrumb\":{\"@id\":\"https:\/\/guillainbarre.fr\/index.php\/2011\/10\/18\/recuperation-syndrome-de-guillain-barre\/#breadcrumb\"},\"inLanguage\":\"fr-FR\",\"potentialAction\":[{\"@type\":\"ReadAction\",\"target\":[\"https:\/\/guillainbarre.fr\/index.php\/2011\/10\/18\/recuperation-syndrome-de-guillain-barre\/\"]}]},{\"@type\":\"BreadcrumbList\",\"@id\":\"https:\/\/guillainbarre.fr\/index.php\/2011\/10\/18\/recuperation-syndrome-de-guillain-barre\/#breadcrumb\",\"itemListElement\":[{\"@type\":\"ListItem\",\"position\":1,\"name\":\"Accueil\",\"item\":\"https:\/\/guillainbarre.fr\/\"},{\"@type\":\"ListItem\",\"position\":2,\"name\":\"J&#8217;ai r\u00e9cup\u00e9r\u00e9 tr\u00e8s vite de mon syndrome de Guillain-Barr\u00e9. Les m\u00e9decins \u00e9taient \u00e9tonn\u00e9s vu la gravit\u00e9 de mon \u00e9tat.\"}]},{\"@type\":\"Person\",\"@id\":\"https:\/\/guillainbarre.fr\/#\/schema\/person\/4d13e9ab0baabd711f2d645cdcada3ac\",\"name\":\"Fred\",\"image\":{\"@type\":\"ImageObject\",\"inLanguage\":\"fr-FR\",\"@id\":\"https:\/\/guillainbarre.fr\/#\/schema\/person\/image\/\",\"url\":\"https:\/\/secure.gravatar.com\/avatar\/ef38e2bf85ad4796e165952986bdac79?s=96&d=retro&r=g\",\"contentUrl\":\"https:\/\/secure.gravatar.com\/avatar\/ef38e2bf85ad4796e165952986bdac79?s=96&d=retro&r=g\",\"caption\":\"Fred\"},\"sameAs\":[\"http:\/\/guillainbarre.fr\"],\"url\":\"https:\/\/guillainbarre.fr\/index.php\/author\/admin8110\/\"}]}<\/script>\n<!-- \/ Yoast SEO plugin. -->","yoast_head_json":{"title":"J'ai r\u00e9cup\u00e9r\u00e9 tr\u00e8s vite de mon syndrome de Guillain-Barr\u00e9. Les m\u00e9decins \u00e9taient \u00e9tonn\u00e9s vu la gravit\u00e9 de mon \u00e9tat. - Le Syndrome de Guillain-Barr\u00e9","description":"Ma r\u00e9cup\u00e9ration du syndrome de Guillain-Barr\u00e9 s'est faite les 6 premiers mois ; le reste est revenu bien plus tard.","robots":{"index":"index","follow":"follow","max-snippet":"max-snippet:-1","max-image-preview":"max-image-preview:large","max-video-preview":"max-video-preview:-1"},"canonical":"https:\/\/guillainbarre.fr\/index.php\/2011\/10\/18\/recuperation-syndrome-de-guillain-barre\/","og_locale":"fr_FR","og_type":"article","og_title":"J'ai r\u00e9cup\u00e9r\u00e9 tr\u00e8s vite de mon syndrome de Guillain-Barr\u00e9. Les m\u00e9decins \u00e9taient \u00e9tonn\u00e9s vu la gravit\u00e9 de mon \u00e9tat. - Le Syndrome de Guillain-Barr\u00e9","og_description":"Ma r\u00e9cup\u00e9ration du syndrome de Guillain-Barr\u00e9 s'est faite les 6 premiers mois ; le reste est revenu bien plus tard.","og_url":"https:\/\/guillainbarre.fr\/index.php\/2011\/10\/18\/recuperation-syndrome-de-guillain-barre\/","og_site_name":"Le Syndrome de Guillain-Barr\u00e9","article_published_time":"2011-10-18T20:24:00+00:00","article_modified_time":"2021-11-18T22:47:38+00:00","og_image":[{"width":1360,"height":765,"url":"https:\/\/guillainbarre.fr\/wp-content\/uploads\/2021\/11\/recuperation-syndrome-de-Guillain-Barre.jpg","type":"image\/jpeg"}],"author":"Fred","twitter_card":"summary_large_image","twitter_misc":{"\u00c9crit par":"Fred","Dur\u00e9e de lecture estim\u00e9e":"3 minutes"},"schema":{"@context":"https:\/\/schema.org","@graph":[{"@type":"WebSite","@id":"https:\/\/guillainbarre.fr\/#website","url":"https:\/\/guillainbarre.fr\/","name":"Le Syndrome de Guillain-Barr\u00e9","description":"T\u00e9moignages et informations autour de la maladie","potentialAction":[{"@type":"SearchAction","target":{"@type":"EntryPoint","urlTemplate":"https:\/\/guillainbarre.fr\/?s={search_term_string}"},"query-input":"required name=search_term_string"}],"inLanguage":"fr-FR"},{"@type":"WebPage","@id":"https:\/\/guillainbarre.fr\/index.php\/2011\/10\/18\/recuperation-syndrome-de-guillain-barre\/","url":"https:\/\/guillainbarre.fr\/index.php\/2011\/10\/18\/recuperation-syndrome-de-guillain-barre\/","name":"J'ai r\u00e9cup\u00e9r\u00e9 tr\u00e8s vite de mon syndrome de Guillain-Barr\u00e9. Les m\u00e9decins \u00e9taient \u00e9tonn\u00e9s vu la gravit\u00e9 de mon \u00e9tat. - Le Syndrome de Guillain-Barr\u00e9","isPartOf":{"@id":"https:\/\/guillainbarre.fr\/#website"},"datePublished":"2011-10-18T20:24:00+00:00","dateModified":"2021-11-18T22:47:38+00:00","author":{"@id":"https:\/\/guillainbarre.fr\/#\/schema\/person\/4d13e9ab0baabd711f2d645cdcada3ac"},"description":"Ma r\u00e9cup\u00e9ration du syndrome de Guillain-Barr\u00e9 s'est faite les 6 premiers mois ; le reste est revenu bien plus tard.","breadcrumb":{"@id":"https:\/\/guillainbarre.fr\/index.php\/2011\/10\/18\/recuperation-syndrome-de-guillain-barre\/#breadcrumb"},"inLanguage":"fr-FR","potentialAction":[{"@type":"ReadAction","target":["https:\/\/guillainbarre.fr\/index.php\/2011\/10\/18\/recuperation-syndrome-de-guillain-barre\/"]}]},{"@type":"BreadcrumbList","@id":"https:\/\/guillainbarre.fr\/index.php\/2011\/10\/18\/recuperation-syndrome-de-guillain-barre\/#breadcrumb","itemListElement":[{"@type":"ListItem","position":1,"name":"Accueil","item":"https:\/\/guillainbarre.fr\/"},{"@type":"ListItem","position":2,"name":"J&#8217;ai r\u00e9cup\u00e9r\u00e9 tr\u00e8s vite de mon syndrome de Guillain-Barr\u00e9. Les m\u00e9decins \u00e9taient \u00e9tonn\u00e9s vu la gravit\u00e9 de mon \u00e9tat."}]},{"@type":"Person","@id":"https:\/\/guillainbarre.fr\/#\/schema\/person\/4d13e9ab0baabd711f2d645cdcada3ac","name":"Fred","image":{"@type":"ImageObject","inLanguage":"fr-FR","@id":"https:\/\/guillainbarre.fr\/#\/schema\/person\/image\/","url":"https:\/\/secure.gravatar.com\/avatar\/ef38e2bf85ad4796e165952986bdac79?s=96&d=retro&r=g","contentUrl":"https:\/\/secure.gravatar.com\/avatar\/ef38e2bf85ad4796e165952986bdac79?s=96&d=retro&r=g","caption":"Fred"},"sameAs":["http:\/\/guillainbarre.fr"],"url":"https:\/\/guillainbarre.fr\/index.php\/author\/admin8110\/"}]}},"_links":{"self":[{"href":"https:\/\/guillainbarre.fr\/index.php\/wp-json\/wp\/v2\/posts\/750"}],"collection":[{"href":"https:\/\/guillainbarre.fr\/index.php\/wp-json\/wp\/v2\/posts"}],"about":[{"href":"https:\/\/guillainbarre.fr\/index.php\/wp-json\/wp\/v2\/types\/post"}],"author":[{"embeddable":true,"href":"https:\/\/guillainbarre.fr\/index.php\/wp-json\/wp\/v2\/users\/1"}],"replies":[{"embeddable":true,"href":"https:\/\/guillainbarre.fr\/index.php\/wp-json\/wp\/v2\/comments?post=750"}],"version-history":[{"count":1,"href":"https:\/\/guillainbarre.fr\/index.php\/wp-json\/wp\/v2\/posts\/750\/revisions"}],"predecessor-version":[{"id":753,"href":"https:\/\/guillainbarre.fr\/index.php\/wp-json\/wp\/v2\/posts\/750\/revisions\/753"}],"wp:featuredmedia":[{"embeddable":true,"href":"https:\/\/guillainbarre.fr\/index.php\/wp-json\/wp\/v2\/media\/752"}],"wp:attachment":[{"href":"https:\/\/guillainbarre.fr\/index.php\/wp-json\/wp\/v2\/media?parent=750"}],"wp:term":[{"taxonomy":"category","embeddable":true,"href":"https:\/\/guillainbarre.fr\/index.php\/wp-json\/wp\/v2\/categories?post=750"},{"taxonomy":"post_tag","embeddable":true,"href":"https:\/\/guillainbarre.fr\/index.php\/wp-json\/wp\/v2\/tags?post=750"}],"curies":[{"name":"wp","href":"https:\/\/api.w.org\/{rel}","templated":true}]}}