{"id":667,"date":"2010-03-15T18:23:00","date_gmt":"2010-03-15T17:23:00","guid":{"rendered":"https:\/\/guillainbarre.fr\/?p=667"},"modified":"2021-11-16T18:40:29","modified_gmt":"2021-11-16T17:40:29","slug":"de-legeres-sequelles-du-syndrome-de-guillain-barre","status":"publish","type":"post","link":"https:\/\/guillainbarre.fr\/index.php\/2010\/03\/15\/de-legeres-sequelles-du-syndrome-de-guillain-barre\/","title":{"rendered":"Je ne garde que de l\u00e9g\u00e8res s\u00e9quelles du syndrome de Guillain-Barr\u00e9. Je fais de l&rsquo;auto-r\u00e9\u00e9ducation \u00e0 l&rsquo;aide de balles pour mes mains."},"content":{"rendered":"\n<p class=\"has-drop-cap\"><strong>J&rsquo;ai 32 ans et a contract\u00e9 un syndrome de Guillain-Barr\u00e9 en d\u00e9cembre 2009. Tout a commenc\u00e9 le 27 d\u00e9cembre 2009. Je me suis r\u00e9veill\u00e9 avec de fortes courbatures, engourdissements des membres et un peu de fi\u00e8vre.<\/strong> <strong>Ayant pass\u00e9 des f\u00eates de fin d&rsquo;ann\u00e9e un peu charg\u00e9es, j&rsquo;ai mis cela sur le compte de la fatigue ou d&rsquo;une grippe.<\/strong><\/p>\n\n\n\n<blockquote class=\"wp-block-quote\"><p>Caroline, 32 ans<\/p><cite>Guillain-Barr\u00e9 \u00e0 32 ans (en 2009)<\/cite><\/blockquote>\n\n\n\n<h2>U<strong>ne grande faiblesse<\/strong> et des fourmillements<\/h2>\n\n\n\n<p>Durant les deux journ\u00e9es qui ont suivi, j&rsquo;ai ressenti de plus en plus de sympt\u00f4mes anormaux. Cela a d\u00e9but\u00e9 par des <strong><a href=\"https:\/\/www.doctissimo.fr\/sante\/maux-quotidiens\/fourmillements\" data-internallinksmanager029f6b8e52c=\"6\" title=\"Fourmillements\" target=\"_blank\" rel=\"noopener\">fourmillements<\/a> dans les membres sup\u00e9rieurs et inf\u00e9rieurs<\/strong> pour s&rsquo;accentuer assez rapidement. J&rsquo;ai alors ressenti de faibles paralysies des membres sup\u00e9rieurs et une absence de force et de motricit\u00e9 <strong>m&#8217;emp\u00eachant de r\u00e9aliser les taches du quotidien<\/strong> : incapacit\u00e9 d&rsquo;ouvrir une porte, une cannette, de soulever mes enfants ou de boutonner une chemise. Ces sympt\u00f4mes \u00e9taient plus pr\u00e9sents cot\u00e9 gauche. Dans les membres inf\u00e9rieurs j&rsquo;ai ressenti<strong> une grande faiblesse<\/strong> mais ne m&#8217;emp\u00eachant pas de marcher.<\/p>\n\n\n\n<h2><strong>les sympt\u00f4mes sont toujours pr\u00e9sents<\/strong><\/h2>\n\n\n\n<p>J&rsquo;ai alors consult\u00e9 un m\u00e9decin g\u00e9n\u00e9raliste qui a constat\u00e9 les sympt\u00f4mes. Il m&rsquo;a d&rsquo;abord administr\u00e9 un traitement \u00e0 base de cortisone afin de tester le sc\u00e9nario \u00ab\u00a0grosse fatigue\u00a0\u00bb. Puis il m\u2019a fait faire des analyses de sang. Quelques jours plus tard, <strong>les sympt\u00f4mes n&rsquo;ont pas disparu<\/strong>. Je d\u00e9cide alors de re-consulter le m\u00eame m\u00e9decin. Toujours sans diagnostic, il m&rsquo;oriente vers un scanner c\u00e9r\u00e9bral afin d&rsquo;\u00e9liminer toute hypoth\u00e8se \u00ab\u00a0grave\u00a0\u00bb.<\/p>\n\n\n\n<h2><strong>EMG<\/strong> et ponction lombaire confirment le Guillain-Barr\u00e9<\/h2>\n\n\n\n<p>Les r\u00e9sultats sont n\u00e9gatifs et ne montrent pas de probl\u00e8me sp\u00e9cial. Il me conseille donc d&rsquo;attendre encore quelques jours pour voir si cela persiste. Trois jours plus tard, me sentant toujours aussi affect\u00e9 dans la vie quotidienne, je d\u00e9cide de re-consulter. Cette fois-ci le m\u00e9decin prend contact avec un neurologue qui suppose un Syndrome de Guillain-Barr\u00e9. <strong>Je r\u00e9alise donc un <a href=\"https:\/\/www.passeportsante.net\/fr\/Maux\/examens-medicaux-operations\/Fiche.aspx?doc=electromyogramme\" data-internallinksmanager029f6b8e52c=\"3\" title=\"EMG\" target=\"_blank\" rel=\"noopener\">EMG<\/a><\/strong> le lendemain qui confirme une d\u00e9ficience de vitesse de conduction nerveuse dans les membres sup\u00e9rieurs et inf\u00e9rieurs laissant fortement pr\u00e9sager du syndrome.<\/p>\n\n\n\n<p>Suite \u00e0 cela j&rsquo;ai pass\u00e9 une journ\u00e9e \u00e0 l&rsquo;h\u00f4pital pour la <strong>r\u00e9alisation d&rsquo;une <a href=\"https:\/\/www.santemagazine.fr\/sante\/examens-medicaux\/prelevements\/ponction-lombaire-176915\" data-internallinksmanager029f6b8e52c=\"1\" title=\"Ponction lombaire\" target=\"_blank\" rel=\"noopener\">ponction lombaire<\/a><\/strong> qui a confirm\u00e9 le Syndrome de Guillain-Barr\u00e9.<\/p>\n\n\n\n<p>Le neurologue m&rsquo;a pr\u00e9cis\u00e9 que j&rsquo;avais de la chance car il \u00e9tait d&rsquo;une s\u00e9v\u00e9rit\u00e9 limit\u00e9 et que le r\u00e9tablissement se ferait sous 2 \u00e0 3 mois maximum.<\/p>\n\n\n\n<h2>De l\u00e9g\u00e8res s\u00e9quelles du syndrome de Guillain-Barr\u00e9<\/h2>\n\n\n\n<p>Aujourd&rsquo;hui je garde des g\u00eanes occasionnelles mais cela est sans commune mesure avec le premier mois durant lequel le Guillain-Barr\u00e9 m&rsquo;a touch\u00e9. Je fais de l&rsquo;auto-r\u00e9\u00e9ducation<strong> <\/strong>\u00e0 l&rsquo;aide de balles qui me permettent de <strong>retrouver de la motricit\u00e9 dans les mains<\/strong>. J&rsquo;esp\u00e8re que tout cela va s&rsquo;arr\u00eater tr\u00e8s prochainement afin de re-profiter de la vie comme avant.<\/p>\n\n\n\n<p>Le Syndrome de Guillain-Barr\u00e9 a \u00e9t\u00e9 dans mon cas d&rsquo;une s\u00e9v\u00e9rit\u00e9 tr\u00e8s limit\u00e9e, notamment par rapport aux t\u00e9moignages lus sur ce site. Je souhaite \u00e9norm\u00e9ment de courage aux personnes ayant contract\u00e9 ce syndrome dans ses formes plus s\u00e9v\u00e8res.<br><br><\/p>\n","protected":false},"excerpt":{"rendered":"<p>J&rsquo;ai 32 ans et a contract&eacute; un syndrome de Guillain-Barr&eacute; en d&eacute;cembre 2009. Tout a commenc&eacute; le 27 d&eacute;cembre 2009. Je me suis r&eacute;veill&eacute; avec de fortes courbatures, engourdissements des membres et un peu de fi&egrave;vre. Ayant pass&eacute; des f&ecirc;tes de fin d&rsquo;ann&eacute;e un peu charg&eacute;es, j&rsquo;ai mis cela sur<\/p>\n","protected":false},"author":1,"featured_media":668,"comment_status":"open","ping_status":"open","sticky":false,"template":"","format":"standard","meta":[],"categories":[67],"tags":[106,23,88],"yoast_head":"<!-- This site is optimized with the Yoast SEO plugin v19.4 - https:\/\/yoast.com\/wordpress\/plugins\/seo\/ -->\n<title>Je ne garde que de l\u00e9g\u00e8res s\u00e9quelles du syndrome de Guillain-Barr\u00e9. Je fais de l&#039;auto-r\u00e9\u00e9ducation \u00e0 l&#039;aide de balles pour mes mains. - Le Syndrome de Guillain-Barr\u00e9<\/title>\n<meta name=\"description\" content=\"La maladie a \u00e9t\u00e9 dans mon cas d&#039;une s\u00e9v\u00e9rit\u00e9 tr\u00e8s limit\u00e9e et je ne garde que de l\u00e9g\u00e8res s\u00e9quelles du syndrome de Guillain-Barr\u00e9.\" \/>\n<meta name=\"robots\" content=\"index, follow, max-snippet:-1, max-image-preview:large, max-video-preview:-1\" \/>\n<link rel=\"canonical\" href=\"https:\/\/guillainbarre.fr\/index.php\/2010\/03\/15\/de-legeres-sequelles-du-syndrome-de-guillain-barre\/\" \/>\n<meta property=\"og:locale\" content=\"fr_FR\" \/>\n<meta property=\"og:type\" content=\"article\" \/>\n<meta property=\"og:title\" content=\"Je ne garde que de l\u00e9g\u00e8res s\u00e9quelles du syndrome de Guillain-Barr\u00e9. Je fais de l&#039;auto-r\u00e9\u00e9ducation \u00e0 l&#039;aide de balles pour mes mains. - Le Syndrome de Guillain-Barr\u00e9\" \/>\n<meta property=\"og:description\" content=\"La maladie a \u00e9t\u00e9 dans mon cas d&#039;une s\u00e9v\u00e9rit\u00e9 tr\u00e8s limit\u00e9e et je ne garde que de l\u00e9g\u00e8res s\u00e9quelles du syndrome de Guillain-Barr\u00e9.\" \/>\n<meta property=\"og:url\" content=\"https:\/\/guillainbarre.fr\/index.php\/2010\/03\/15\/de-legeres-sequelles-du-syndrome-de-guillain-barre\/\" \/>\n<meta property=\"og:site_name\" content=\"Le Syndrome de Guillain-Barr\u00e9\" \/>\n<meta property=\"article:published_time\" content=\"2010-03-15T17:23:00+00:00\" \/>\n<meta property=\"article:modified_time\" content=\"2021-11-16T17:40:29+00:00\" \/>\n<meta property=\"og:image\" content=\"https:\/\/guillainbarre.fr\/wp-content\/uploads\/2021\/11\/De-legeres-sequelles-du-syndrome-de-Guillain-Barre.jpg\" \/>\n\t<meta property=\"og:image:width\" content=\"1360\" \/>\n\t<meta property=\"og:image:height\" content=\"765\" \/>\n\t<meta property=\"og:image:type\" content=\"image\/jpeg\" \/>\n<meta name=\"author\" content=\"Fred\" \/>\n<meta name=\"twitter:card\" content=\"summary_large_image\" \/>\n<meta name=\"twitter:label1\" content=\"\u00c9crit par\" \/>\n\t<meta name=\"twitter:data1\" content=\"Fred\" \/>\n\t<meta name=\"twitter:label2\" content=\"Dur\u00e9e de lecture estim\u00e9e\" \/>\n\t<meta name=\"twitter:data2\" content=\"3 minutes\" \/>\n<script type=\"application\/ld+json\" class=\"yoast-schema-graph\">{\"@context\":\"https:\/\/schema.org\",\"@graph\":[{\"@type\":\"WebSite\",\"@id\":\"https:\/\/guillainbarre.fr\/#website\",\"url\":\"https:\/\/guillainbarre.fr\/\",\"name\":\"Le Syndrome de Guillain-Barr\u00e9\",\"description\":\"T\u00e9moignages et informations autour de la maladie\",\"potentialAction\":[{\"@type\":\"SearchAction\",\"target\":{\"@type\":\"EntryPoint\",\"urlTemplate\":\"https:\/\/guillainbarre.fr\/?s={search_term_string}\"},\"query-input\":\"required name=search_term_string\"}],\"inLanguage\":\"fr-FR\"},{\"@type\":\"WebPage\",\"@id\":\"https:\/\/guillainbarre.fr\/index.php\/2010\/03\/15\/de-legeres-sequelles-du-syndrome-de-guillain-barre\/\",\"url\":\"https:\/\/guillainbarre.fr\/index.php\/2010\/03\/15\/de-legeres-sequelles-du-syndrome-de-guillain-barre\/\",\"name\":\"Je ne garde que de l\u00e9g\u00e8res s\u00e9quelles du syndrome de Guillain-Barr\u00e9. Je fais de l'auto-r\u00e9\u00e9ducation \u00e0 l'aide de balles pour mes mains. - Le Syndrome de Guillain-Barr\u00e9\",\"isPartOf\":{\"@id\":\"https:\/\/guillainbarre.fr\/#website\"},\"datePublished\":\"2010-03-15T17:23:00+00:00\",\"dateModified\":\"2021-11-16T17:40:29+00:00\",\"author\":{\"@id\":\"https:\/\/guillainbarre.fr\/#\/schema\/person\/4d13e9ab0baabd711f2d645cdcada3ac\"},\"description\":\"La maladie a \u00e9t\u00e9 dans mon cas d'une s\u00e9v\u00e9rit\u00e9 tr\u00e8s limit\u00e9e et je ne garde que de l\u00e9g\u00e8res s\u00e9quelles du syndrome de Guillain-Barr\u00e9.\",\"breadcrumb\":{\"@id\":\"https:\/\/guillainbarre.fr\/index.php\/2010\/03\/15\/de-legeres-sequelles-du-syndrome-de-guillain-barre\/#breadcrumb\"},\"inLanguage\":\"fr-FR\",\"potentialAction\":[{\"@type\":\"ReadAction\",\"target\":[\"https:\/\/guillainbarre.fr\/index.php\/2010\/03\/15\/de-legeres-sequelles-du-syndrome-de-guillain-barre\/\"]}]},{\"@type\":\"BreadcrumbList\",\"@id\":\"https:\/\/guillainbarre.fr\/index.php\/2010\/03\/15\/de-legeres-sequelles-du-syndrome-de-guillain-barre\/#breadcrumb\",\"itemListElement\":[{\"@type\":\"ListItem\",\"position\":1,\"name\":\"Accueil\",\"item\":\"https:\/\/guillainbarre.fr\/\"},{\"@type\":\"ListItem\",\"position\":2,\"name\":\"Je ne garde que de l\u00e9g\u00e8res s\u00e9quelles du syndrome de Guillain-Barr\u00e9. Je fais de l&#8217;auto-r\u00e9\u00e9ducation \u00e0 l&#8217;aide de balles pour mes mains.\"}]},{\"@type\":\"Person\",\"@id\":\"https:\/\/guillainbarre.fr\/#\/schema\/person\/4d13e9ab0baabd711f2d645cdcada3ac\",\"name\":\"Fred\",\"image\":{\"@type\":\"ImageObject\",\"inLanguage\":\"fr-FR\",\"@id\":\"https:\/\/guillainbarre.fr\/#\/schema\/person\/image\/\",\"url\":\"https:\/\/secure.gravatar.com\/avatar\/ef38e2bf85ad4796e165952986bdac79?s=96&d=retro&r=g\",\"contentUrl\":\"https:\/\/secure.gravatar.com\/avatar\/ef38e2bf85ad4796e165952986bdac79?s=96&d=retro&r=g\",\"caption\":\"Fred\"},\"sameAs\":[\"http:\/\/guillainbarre.fr\"],\"url\":\"https:\/\/guillainbarre.fr\/index.php\/author\/admin8110\/\"}]}<\/script>\n<!-- \/ Yoast SEO plugin. -->","yoast_head_json":{"title":"Je ne garde que de l\u00e9g\u00e8res s\u00e9quelles du syndrome de Guillain-Barr\u00e9. Je fais de l'auto-r\u00e9\u00e9ducation \u00e0 l'aide de balles pour mes mains. - Le Syndrome de Guillain-Barr\u00e9","description":"La maladie a \u00e9t\u00e9 dans mon cas d'une s\u00e9v\u00e9rit\u00e9 tr\u00e8s limit\u00e9e et je ne garde que de l\u00e9g\u00e8res s\u00e9quelles du syndrome de Guillain-Barr\u00e9.","robots":{"index":"index","follow":"follow","max-snippet":"max-snippet:-1","max-image-preview":"max-image-preview:large","max-video-preview":"max-video-preview:-1"},"canonical":"https:\/\/guillainbarre.fr\/index.php\/2010\/03\/15\/de-legeres-sequelles-du-syndrome-de-guillain-barre\/","og_locale":"fr_FR","og_type":"article","og_title":"Je ne garde que de l\u00e9g\u00e8res s\u00e9quelles du syndrome de Guillain-Barr\u00e9. Je fais de l'auto-r\u00e9\u00e9ducation \u00e0 l'aide de balles pour mes mains. - Le Syndrome de Guillain-Barr\u00e9","og_description":"La maladie a \u00e9t\u00e9 dans mon cas d'une s\u00e9v\u00e9rit\u00e9 tr\u00e8s limit\u00e9e et je ne garde que de l\u00e9g\u00e8res s\u00e9quelles du syndrome de Guillain-Barr\u00e9.","og_url":"https:\/\/guillainbarre.fr\/index.php\/2010\/03\/15\/de-legeres-sequelles-du-syndrome-de-guillain-barre\/","og_site_name":"Le Syndrome de Guillain-Barr\u00e9","article_published_time":"2010-03-15T17:23:00+00:00","article_modified_time":"2021-11-16T17:40:29+00:00","og_image":[{"width":1360,"height":765,"url":"https:\/\/guillainbarre.fr\/wp-content\/uploads\/2021\/11\/De-legeres-sequelles-du-syndrome-de-Guillain-Barre.jpg","type":"image\/jpeg"}],"author":"Fred","twitter_card":"summary_large_image","twitter_misc":{"\u00c9crit par":"Fred","Dur\u00e9e de lecture estim\u00e9e":"3 minutes"},"schema":{"@context":"https:\/\/schema.org","@graph":[{"@type":"WebSite","@id":"https:\/\/guillainbarre.fr\/#website","url":"https:\/\/guillainbarre.fr\/","name":"Le Syndrome de Guillain-Barr\u00e9","description":"T\u00e9moignages et informations autour de la maladie","potentialAction":[{"@type":"SearchAction","target":{"@type":"EntryPoint","urlTemplate":"https:\/\/guillainbarre.fr\/?s={search_term_string}"},"query-input":"required name=search_term_string"}],"inLanguage":"fr-FR"},{"@type":"WebPage","@id":"https:\/\/guillainbarre.fr\/index.php\/2010\/03\/15\/de-legeres-sequelles-du-syndrome-de-guillain-barre\/","url":"https:\/\/guillainbarre.fr\/index.php\/2010\/03\/15\/de-legeres-sequelles-du-syndrome-de-guillain-barre\/","name":"Je ne garde que de l\u00e9g\u00e8res s\u00e9quelles du syndrome de Guillain-Barr\u00e9. Je fais de l'auto-r\u00e9\u00e9ducation \u00e0 l'aide de balles pour mes mains. - Le Syndrome de Guillain-Barr\u00e9","isPartOf":{"@id":"https:\/\/guillainbarre.fr\/#website"},"datePublished":"2010-03-15T17:23:00+00:00","dateModified":"2021-11-16T17:40:29+00:00","author":{"@id":"https:\/\/guillainbarre.fr\/#\/schema\/person\/4d13e9ab0baabd711f2d645cdcada3ac"},"description":"La maladie a \u00e9t\u00e9 dans mon cas d'une s\u00e9v\u00e9rit\u00e9 tr\u00e8s limit\u00e9e et je ne garde que de l\u00e9g\u00e8res s\u00e9quelles du syndrome de Guillain-Barr\u00e9.","breadcrumb":{"@id":"https:\/\/guillainbarre.fr\/index.php\/2010\/03\/15\/de-legeres-sequelles-du-syndrome-de-guillain-barre\/#breadcrumb"},"inLanguage":"fr-FR","potentialAction":[{"@type":"ReadAction","target":["https:\/\/guillainbarre.fr\/index.php\/2010\/03\/15\/de-legeres-sequelles-du-syndrome-de-guillain-barre\/"]}]},{"@type":"BreadcrumbList","@id":"https:\/\/guillainbarre.fr\/index.php\/2010\/03\/15\/de-legeres-sequelles-du-syndrome-de-guillain-barre\/#breadcrumb","itemListElement":[{"@type":"ListItem","position":1,"name":"Accueil","item":"https:\/\/guillainbarre.fr\/"},{"@type":"ListItem","position":2,"name":"Je ne garde que de l\u00e9g\u00e8res s\u00e9quelles du syndrome de Guillain-Barr\u00e9. Je fais de l&#8217;auto-r\u00e9\u00e9ducation \u00e0 l&#8217;aide de balles pour mes mains."}]},{"@type":"Person","@id":"https:\/\/guillainbarre.fr\/#\/schema\/person\/4d13e9ab0baabd711f2d645cdcada3ac","name":"Fred","image":{"@type":"ImageObject","inLanguage":"fr-FR","@id":"https:\/\/guillainbarre.fr\/#\/schema\/person\/image\/","url":"https:\/\/secure.gravatar.com\/avatar\/ef38e2bf85ad4796e165952986bdac79?s=96&d=retro&r=g","contentUrl":"https:\/\/secure.gravatar.com\/avatar\/ef38e2bf85ad4796e165952986bdac79?s=96&d=retro&r=g","caption":"Fred"},"sameAs":["http:\/\/guillainbarre.fr"],"url":"https:\/\/guillainbarre.fr\/index.php\/author\/admin8110\/"}]}},"_links":{"self":[{"href":"https:\/\/guillainbarre.fr\/index.php\/wp-json\/wp\/v2\/posts\/667"}],"collection":[{"href":"https:\/\/guillainbarre.fr\/index.php\/wp-json\/wp\/v2\/posts"}],"about":[{"href":"https:\/\/guillainbarre.fr\/index.php\/wp-json\/wp\/v2\/types\/post"}],"author":[{"embeddable":true,"href":"https:\/\/guillainbarre.fr\/index.php\/wp-json\/wp\/v2\/users\/1"}],"replies":[{"embeddable":true,"href":"https:\/\/guillainbarre.fr\/index.php\/wp-json\/wp\/v2\/comments?post=667"}],"version-history":[{"count":1,"href":"https:\/\/guillainbarre.fr\/index.php\/wp-json\/wp\/v2\/posts\/667\/revisions"}],"predecessor-version":[{"id":669,"href":"https:\/\/guillainbarre.fr\/index.php\/wp-json\/wp\/v2\/posts\/667\/revisions\/669"}],"wp:featuredmedia":[{"embeddable":true,"href":"https:\/\/guillainbarre.fr\/index.php\/wp-json\/wp\/v2\/media\/668"}],"wp:attachment":[{"href":"https:\/\/guillainbarre.fr\/index.php\/wp-json\/wp\/v2\/media?parent=667"}],"wp:term":[{"taxonomy":"category","embeddable":true,"href":"https:\/\/guillainbarre.fr\/index.php\/wp-json\/wp\/v2\/categories?post=667"},{"taxonomy":"post_tag","embeddable":true,"href":"https:\/\/guillainbarre.fr\/index.php\/wp-json\/wp\/v2\/tags?post=667"}],"curies":[{"name":"wp","href":"https:\/\/api.w.org\/{rel}","templated":true}]}}