{"id":543,"date":"2007-06-17T19:57:00","date_gmt":"2007-06-17T17:57:00","guid":{"rendered":"https:\/\/guillainbarre.fr\/?p=543"},"modified":"2021-11-17T01:05:12","modified_gmt":"2021-11-17T00:05:12","slug":"polyradiculonevrite-aigue-syndrome","status":"publish","type":"post","link":"https:\/\/guillainbarre.fr\/index.php\/2007\/06\/17\/polyradiculonevrite-aigue-syndrome\/","title":{"rendered":"J&rsquo;ai peur pour ma fille. Le m\u00e9decin me rassure en baragouinant \u00ab\u00a0polyradiculon\u00e9vrite aigu\u00eb\u00a0\u00bb ou \u00ab\u00a0syndrome de je-ne-sais-pas-qui\u00a0\u00bb."},"content":{"rendered":"\n<p class=\"has-drop-cap\"><strong>Le 31 d\u00e9cembre 2006, ma Cassandre, 6 ans, a commenc\u00e9 \u00e0 se plaindre des jambes. \u00ab\u00a0C&rsquo;est normal, ma ch\u00e9rie, tu grandis !\u00a0\u00bb Et alors qu&rsquo;elle se faisait une joie de f\u00eater la nouvelle ann\u00e9e, au moment de lancer des cotillons, elle ne se sentait pas en forme. Elle a \u00e0 peine souffl\u00e9 dans sa sarbacane et 15 minutes apr\u00e8s est all\u00e9e se coucher\u2026 \u00ab Elle doit couver quelque chose, on a tous eu la grippe! \u00bb<\/strong><\/p>\n\n\n\n<blockquote class=\"wp-block-quote\"><p>Aur\u00e9lie t\u00e9moigne pour sa fille, Cassandre, 6 ans<\/p><cite>Guillain-Barr\u00e9 \u00e0 6 ans (en 2006)<\/cite><\/blockquote>\n\n\n\n<h2>Maman sur-protectrice contre super virus <\/h2>\n\n\n\n<p>Le lendemain, ma Cassou n&rsquo;est pas en forme et dans la nuit, vers 1 heure du matin, <strong>les douleurs dans les jambes la r\u00e9veillent\u2026 <\/strong>Direction l&rsquo;h\u00f4pital. Ils pensent \u00e0 un syndrome m\u00e9ning\u00e9 mais elle n&rsquo;a pas de fi\u00e8vre. Elle est vraiment mal. A 18 heures, le p\u00e9diatre diagnostique une grippe, puis, retour \u00e0 la maison.<\/p>\n\n\n\n<p>Le lendemain, elle est encore plus mal, les douleurs augmentent et elle a mal aux bras. Elle a une dr\u00f4le de voix, <strong>elle parle du nez et ne peux plus marcher<\/strong>. J&rsquo;appelle le 15, on me dit d&rsquo;aller consulter d&rsquo;autres urgences. Chose faite, on me confirme une nouvelle fois la grippe. Les douleurs vont augmenter, je vais t\u00e9l\u00e9phoner au Samu tous les jours, o\u00f9 l&rsquo;on me prend pour une folle ou pour une maman sur-protectrice.<\/p>\n\n\n\n<h2>Polyradiculon\u00e9vrite aigu\u00eb ou syndrome de je-ne-sais-pas-qui<\/h2>\n\n\n\n<p>Le 8 janvier, je l&#8217;emm\u00e8ne chez mon m\u00e9decin de famille qui pense \u00e0 un rhumatisme articulaire aigu. Mais les r\u00e9sultats du labo, le 11 janvier, excluent cette possibilit\u00e9. N&rsquo;ayant aucune id\u00e9e de ce qui pouvait arriver a ma petite, mon m\u00e9decin la fait hospitaliser d&rsquo;urgence, <strong>pr\u00e9conisant une <a href=\"https:\/\/www.santemagazine.fr\/sante\/examens-medicaux\/prelevements\/ponction-lombaire-176915\" data-internallinksmanager029f6b8e52c=\"1\" title=\"Ponction lombaire\" target=\"_blank\" rel=\"noopener\">ponction lombaire<\/a>.<\/strong> Arriv\u00e9s a l&rsquo;h\u00f4pital, le p\u00e9diatre qui la prend en charge l&rsquo;observe longuement et ordonne un scanner c\u00e9r\u00e9bral. <strong>Les r\u00e9sultats sont normaux<\/strong>. Il revient, lui parle, et je demande en pleurs \u00e0 quoi il pense. A cet instant je suis persuad\u00e9e de ce que je me refuse a croire depuis 11 jours : MA FILLE VA MOURIR ! Il me rassure en me baragouinant\u2026 polyradiculon\u00e9vrite aigu\u00eb ou syndrome de je-ne-sais-pas-qui\u2026<\/p>\n\n\n\n<p>A 2 heures du matin, r\u00e9sultat de la ponction lombaire, le diagnostic est s\u00fbr \u00e0 90 %, mais une goutte de sang a fauss\u00e9 les r\u00e9sultats et il faut effectuer une <a href=\"https:\/\/www.doctissimo.fr\/html\/sante\/imagerie\/irm.htm\" data-internallinksmanager029f6b8e52c=\"7\" title=\"IRM\" target=\"_blank\" rel=\"noopener\">IRM<\/a> de la colonne. Le lendemain \u00e0 15 heures, IRM normale : <strong>c&rsquo;est le syndrome de Guillain-Barr\u00e9<\/strong>. SMUR direction Paris, CHU du Kremlin Bic\u00eatre, service de neurop\u00e9diatrie. L\u2019<a href=\"https:\/\/www.passeportsante.net\/fr\/Maux\/examens-medicaux-operations\/Fiche.aspx?doc=electromyogramme\" data-internallinksmanager029f6b8e52c=\"3\" title=\"EMG\" target=\"_blank\" rel=\"noopener\">EMG<\/a> confirme le syndrome de Guillain-Barr\u00e9. Nous allons y rester 15 jours.<\/p>\n\n\n\n<h2>Elle a vaincu son \u00ab\u00a0vilain barr\u00e9\u00a0\u00bb<\/h2>\n\n\n\n<p>Cassandre a \u00e9t\u00e9 paralys\u00e9e des pieds jusqu&rsquo;\u00e0 la face, mais par chance, la m\u00e9canique ventilatoire n&rsquo;a pas \u00e9t\u00e9 touch\u00e9e. Pas de r\u00e9a. Ouf ! C&rsquo;est d\u00e9j\u00e0 \u00e7a !!! <strong>Elle a re\u00e7u trois injections de <a href=\"https:\/\/base-donnees-publique.medicaments.gouv.fr\/affichageDoc.php?specid=69174658&amp;typedoc=R\" data-internallinksmanager029f6b8e52c=\"9\" title=\"T\u00e9g\u00e9line\" target=\"_blank\" rel=\"noopener\">t\u00e9g\u00e9line<\/a><\/strong>. Elle a \u00e9t\u00e9 surveill\u00e9e surtout pour la d\u00e9glutition, car elle avait beaucoup de mal \u00e0 avaler. <\/p>\n\n\n\n<p>Nous sommes sortis de l&rsquo;h\u00f4pital le 24 janvier et une nouvelle vie a commenc\u00e9 : <strong>celle d&rsquo;une petite fille handicap\u00e9e qui s&rsquo;est battue comme une tigresse<\/strong> pour que le fauteuil ne soit plus qu&rsquo; un mauvais souvenir.<\/p>\n\n\n\n<p>Gr\u00e2ce aux kin\u00e9s, \u00e0 son institutrice et \u00e0 toutes les personnes aupr\u00e8s de nous, <strong>Cassandre a vaincu son \u00ab\u00a0vilain barr\u00e9\u00a0\u00bb. <\/strong>Elle a retrouv\u00e9 la marche depuis d\u00e9but avril, et depuis d\u00e9but mai elle recourt, ressaute, a retrouv\u00e9 une scolarit\u00e9 classique, sans avoir de retard.<\/p>\n\n\n\n<p>Trois mois\u2026 c&rsquo;est court et long a la fois. Aujourd&rsquo;hui, nous savons appr\u00e9cier chaque seconde de notre vie et nous n&rsquo;en aurons jamais assez pour dire \u00e0 notre petite puce<strong> \u00e0 quel point nous admirons son courage, sa volont\u00e9 et son intelligence<\/strong>.<\/p>\n\n\n\n<p>Elle a su du haut de ses six ans nous montrer ce qu&rsquo;est la rage de vivre et de vaincre!!  Merci pour tout ma ch\u00e9rie\u2026 Gardez courage et ne baissez pas les bras.<\/p>\n","protected":false},"excerpt":{"rendered":"<p>Le 31 d&eacute;cembre 2006, ma Cassandre, 6 ans, a commenc&eacute; &agrave; se plaindre des jambes. &laquo;&nbsp;C&rsquo;est normal, ma ch&eacute;rie, tu grandis !&nbsp;&raquo; Et alors qu&rsquo;elle se faisait une joie de f&ecirc;ter la nouvelle ann&eacute;e, au moment de lancer des cotillons, elle ne se sentait pas en forme. Elle a &agrave;<\/p>\n","protected":false},"author":1,"featured_media":547,"comment_status":"open","ping_status":"open","sticky":false,"template":"","format":"standard","meta":[],"categories":[69],"tags":[74,19,150,23,88],"yoast_head":"<!-- This site is optimized with the Yoast SEO plugin v19.4 - https:\/\/yoast.com\/wordpress\/plugins\/seo\/ -->\n<title>J&#039;ai peur pour ma fille. Le m\u00e9decin me rassure en baragouinant &quot;polyradiculon\u00e9vrite aigu\u00eb&quot; ou &quot;syndrome de je-ne-sais-pas-qui&quot;. - Le Syndrome de Guillain-Barr\u00e9<\/title>\n<meta name=\"description\" content=\"R\u00e9sultat de la ponction lombaire pour ma petite Cassandre de 6 ans : c&#039;est une polyradiculon\u00e9vrite aigu\u00eb ou syndrome de Guillain-Barr\u00e9.\" \/>\n<meta name=\"robots\" content=\"index, follow, max-snippet:-1, max-image-preview:large, max-video-preview:-1\" \/>\n<link rel=\"canonical\" href=\"https:\/\/guillainbarre.fr\/index.php\/2007\/06\/17\/polyradiculonevrite-aigue-syndrome\/\" \/>\n<meta property=\"og:locale\" content=\"fr_FR\" \/>\n<meta property=\"og:type\" content=\"article\" \/>\n<meta property=\"og:title\" content=\"J&#039;ai peur pour ma fille. Le m\u00e9decin me rassure en baragouinant &quot;polyradiculon\u00e9vrite aigu\u00eb&quot; ou &quot;syndrome de je-ne-sais-pas-qui&quot;. - Le Syndrome de Guillain-Barr\u00e9\" \/>\n<meta property=\"og:description\" content=\"R\u00e9sultat de la ponction lombaire pour ma petite Cassandre de 6 ans : c&#039;est une polyradiculon\u00e9vrite aigu\u00eb ou syndrome de Guillain-Barr\u00e9.\" \/>\n<meta property=\"og:url\" content=\"https:\/\/guillainbarre.fr\/index.php\/2007\/06\/17\/polyradiculonevrite-aigue-syndrome\/\" \/>\n<meta property=\"og:site_name\" content=\"Le Syndrome de Guillain-Barr\u00e9\" \/>\n<meta property=\"article:published_time\" content=\"2007-06-17T17:57:00+00:00\" \/>\n<meta property=\"article:modified_time\" content=\"2021-11-17T00:05:12+00:00\" \/>\n<meta property=\"og:image\" content=\"https:\/\/guillainbarre.fr\/wp-content\/uploads\/2007\/06\/polyradiculonevrite-aigue-syndrome.jpg\" \/>\n\t<meta property=\"og:image:width\" content=\"1360\" \/>\n\t<meta property=\"og:image:height\" content=\"765\" \/>\n\t<meta property=\"og:image:type\" content=\"image\/jpeg\" \/>\n<meta name=\"author\" content=\"Fred\" \/>\n<meta name=\"twitter:card\" content=\"summary_large_image\" \/>\n<meta name=\"twitter:label1\" content=\"\u00c9crit par\" \/>\n\t<meta name=\"twitter:data1\" content=\"Fred\" \/>\n\t<meta name=\"twitter:label2\" content=\"Dur\u00e9e de lecture estim\u00e9e\" \/>\n\t<meta name=\"twitter:data2\" content=\"3 minutes\" \/>\n<script type=\"application\/ld+json\" class=\"yoast-schema-graph\">{\"@context\":\"https:\/\/schema.org\",\"@graph\":[{\"@type\":\"WebSite\",\"@id\":\"https:\/\/guillainbarre.fr\/#website\",\"url\":\"https:\/\/guillainbarre.fr\/\",\"name\":\"Le Syndrome de Guillain-Barr\u00e9\",\"description\":\"T\u00e9moignages et informations autour de la maladie\",\"potentialAction\":[{\"@type\":\"SearchAction\",\"target\":{\"@type\":\"EntryPoint\",\"urlTemplate\":\"https:\/\/guillainbarre.fr\/?s={search_term_string}\"},\"query-input\":\"required name=search_term_string\"}],\"inLanguage\":\"fr-FR\"},{\"@type\":\"WebPage\",\"@id\":\"https:\/\/guillainbarre.fr\/index.php\/2007\/06\/17\/polyradiculonevrite-aigue-syndrome\/\",\"url\":\"https:\/\/guillainbarre.fr\/index.php\/2007\/06\/17\/polyradiculonevrite-aigue-syndrome\/\",\"name\":\"J'ai peur pour ma fille. Le m\u00e9decin me rassure en baragouinant \\\"polyradiculon\u00e9vrite aigu\u00eb\\\" ou \\\"syndrome de je-ne-sais-pas-qui\\\". - Le Syndrome de Guillain-Barr\u00e9\",\"isPartOf\":{\"@id\":\"https:\/\/guillainbarre.fr\/#website\"},\"datePublished\":\"2007-06-17T17:57:00+00:00\",\"dateModified\":\"2021-11-17T00:05:12+00:00\",\"author\":{\"@id\":\"https:\/\/guillainbarre.fr\/#\/schema\/person\/4d13e9ab0baabd711f2d645cdcada3ac\"},\"description\":\"R\u00e9sultat de la ponction lombaire pour ma petite Cassandre de 6 ans : c'est une polyradiculon\u00e9vrite aigu\u00eb ou syndrome de Guillain-Barr\u00e9.\",\"breadcrumb\":{\"@id\":\"https:\/\/guillainbarre.fr\/index.php\/2007\/06\/17\/polyradiculonevrite-aigue-syndrome\/#breadcrumb\"},\"inLanguage\":\"fr-FR\",\"potentialAction\":[{\"@type\":\"ReadAction\",\"target\":[\"https:\/\/guillainbarre.fr\/index.php\/2007\/06\/17\/polyradiculonevrite-aigue-syndrome\/\"]}]},{\"@type\":\"BreadcrumbList\",\"@id\":\"https:\/\/guillainbarre.fr\/index.php\/2007\/06\/17\/polyradiculonevrite-aigue-syndrome\/#breadcrumb\",\"itemListElement\":[{\"@type\":\"ListItem\",\"position\":1,\"name\":\"Accueil\",\"item\":\"https:\/\/guillainbarre.fr\/\"},{\"@type\":\"ListItem\",\"position\":2,\"name\":\"J&#8217;ai peur pour ma fille. Le m\u00e9decin me rassure en baragouinant &#8220;polyradiculon\u00e9vrite aigu\u00eb&#8221; ou &#8220;syndrome de je-ne-sais-pas-qui&#8221;.\"}]},{\"@type\":\"Person\",\"@id\":\"https:\/\/guillainbarre.fr\/#\/schema\/person\/4d13e9ab0baabd711f2d645cdcada3ac\",\"name\":\"Fred\",\"image\":{\"@type\":\"ImageObject\",\"inLanguage\":\"fr-FR\",\"@id\":\"https:\/\/guillainbarre.fr\/#\/schema\/person\/image\/\",\"url\":\"https:\/\/secure.gravatar.com\/avatar\/ef38e2bf85ad4796e165952986bdac79?s=96&d=retro&r=g\",\"contentUrl\":\"https:\/\/secure.gravatar.com\/avatar\/ef38e2bf85ad4796e165952986bdac79?s=96&d=retro&r=g\",\"caption\":\"Fred\"},\"sameAs\":[\"http:\/\/guillainbarre.fr\"],\"url\":\"https:\/\/guillainbarre.fr\/index.php\/author\/admin8110\/\"}]}<\/script>\n<!-- \/ Yoast SEO plugin. -->","yoast_head_json":{"title":"J'ai peur pour ma fille. Le m\u00e9decin me rassure en baragouinant \"polyradiculon\u00e9vrite aigu\u00eb\" ou \"syndrome de je-ne-sais-pas-qui\". - Le Syndrome de Guillain-Barr\u00e9","description":"R\u00e9sultat de la ponction lombaire pour ma petite Cassandre de 6 ans : c'est une polyradiculon\u00e9vrite aigu\u00eb ou syndrome de Guillain-Barr\u00e9.","robots":{"index":"index","follow":"follow","max-snippet":"max-snippet:-1","max-image-preview":"max-image-preview:large","max-video-preview":"max-video-preview:-1"},"canonical":"https:\/\/guillainbarre.fr\/index.php\/2007\/06\/17\/polyradiculonevrite-aigue-syndrome\/","og_locale":"fr_FR","og_type":"article","og_title":"J'ai peur pour ma fille. Le m\u00e9decin me rassure en baragouinant \"polyradiculon\u00e9vrite aigu\u00eb\" ou \"syndrome de je-ne-sais-pas-qui\". - Le Syndrome de Guillain-Barr\u00e9","og_description":"R\u00e9sultat de la ponction lombaire pour ma petite Cassandre de 6 ans : c'est une polyradiculon\u00e9vrite aigu\u00eb ou syndrome de Guillain-Barr\u00e9.","og_url":"https:\/\/guillainbarre.fr\/index.php\/2007\/06\/17\/polyradiculonevrite-aigue-syndrome\/","og_site_name":"Le Syndrome de Guillain-Barr\u00e9","article_published_time":"2007-06-17T17:57:00+00:00","article_modified_time":"2021-11-17T00:05:12+00:00","og_image":[{"width":1360,"height":765,"url":"https:\/\/guillainbarre.fr\/wp-content\/uploads\/2007\/06\/polyradiculonevrite-aigue-syndrome.jpg","type":"image\/jpeg"}],"author":"Fred","twitter_card":"summary_large_image","twitter_misc":{"\u00c9crit par":"Fred","Dur\u00e9e de lecture estim\u00e9e":"3 minutes"},"schema":{"@context":"https:\/\/schema.org","@graph":[{"@type":"WebSite","@id":"https:\/\/guillainbarre.fr\/#website","url":"https:\/\/guillainbarre.fr\/","name":"Le Syndrome de Guillain-Barr\u00e9","description":"T\u00e9moignages et informations autour de la maladie","potentialAction":[{"@type":"SearchAction","target":{"@type":"EntryPoint","urlTemplate":"https:\/\/guillainbarre.fr\/?s={search_term_string}"},"query-input":"required name=search_term_string"}],"inLanguage":"fr-FR"},{"@type":"WebPage","@id":"https:\/\/guillainbarre.fr\/index.php\/2007\/06\/17\/polyradiculonevrite-aigue-syndrome\/","url":"https:\/\/guillainbarre.fr\/index.php\/2007\/06\/17\/polyradiculonevrite-aigue-syndrome\/","name":"J'ai peur pour ma fille. Le m\u00e9decin me rassure en baragouinant \"polyradiculon\u00e9vrite aigu\u00eb\" ou \"syndrome de je-ne-sais-pas-qui\". - Le Syndrome de Guillain-Barr\u00e9","isPartOf":{"@id":"https:\/\/guillainbarre.fr\/#website"},"datePublished":"2007-06-17T17:57:00+00:00","dateModified":"2021-11-17T00:05:12+00:00","author":{"@id":"https:\/\/guillainbarre.fr\/#\/schema\/person\/4d13e9ab0baabd711f2d645cdcada3ac"},"description":"R\u00e9sultat de la ponction lombaire pour ma petite Cassandre de 6 ans : c'est une polyradiculon\u00e9vrite aigu\u00eb ou syndrome de Guillain-Barr\u00e9.","breadcrumb":{"@id":"https:\/\/guillainbarre.fr\/index.php\/2007\/06\/17\/polyradiculonevrite-aigue-syndrome\/#breadcrumb"},"inLanguage":"fr-FR","potentialAction":[{"@type":"ReadAction","target":["https:\/\/guillainbarre.fr\/index.php\/2007\/06\/17\/polyradiculonevrite-aigue-syndrome\/"]}]},{"@type":"BreadcrumbList","@id":"https:\/\/guillainbarre.fr\/index.php\/2007\/06\/17\/polyradiculonevrite-aigue-syndrome\/#breadcrumb","itemListElement":[{"@type":"ListItem","position":1,"name":"Accueil","item":"https:\/\/guillainbarre.fr\/"},{"@type":"ListItem","position":2,"name":"J&#8217;ai peur pour ma fille. Le m\u00e9decin me rassure en baragouinant &#8220;polyradiculon\u00e9vrite aigu\u00eb&#8221; ou &#8220;syndrome de je-ne-sais-pas-qui&#8221;."}]},{"@type":"Person","@id":"https:\/\/guillainbarre.fr\/#\/schema\/person\/4d13e9ab0baabd711f2d645cdcada3ac","name":"Fred","image":{"@type":"ImageObject","inLanguage":"fr-FR","@id":"https:\/\/guillainbarre.fr\/#\/schema\/person\/image\/","url":"https:\/\/secure.gravatar.com\/avatar\/ef38e2bf85ad4796e165952986bdac79?s=96&d=retro&r=g","contentUrl":"https:\/\/secure.gravatar.com\/avatar\/ef38e2bf85ad4796e165952986bdac79?s=96&d=retro&r=g","caption":"Fred"},"sameAs":["http:\/\/guillainbarre.fr"],"url":"https:\/\/guillainbarre.fr\/index.php\/author\/admin8110\/"}]}},"_links":{"self":[{"href":"https:\/\/guillainbarre.fr\/index.php\/wp-json\/wp\/v2\/posts\/543"}],"collection":[{"href":"https:\/\/guillainbarre.fr\/index.php\/wp-json\/wp\/v2\/posts"}],"about":[{"href":"https:\/\/guillainbarre.fr\/index.php\/wp-json\/wp\/v2\/types\/post"}],"author":[{"embeddable":true,"href":"https:\/\/guillainbarre.fr\/index.php\/wp-json\/wp\/v2\/users\/1"}],"replies":[{"embeddable":true,"href":"https:\/\/guillainbarre.fr\/index.php\/wp-json\/wp\/v2\/comments?post=543"}],"version-history":[{"count":6,"href":"https:\/\/guillainbarre.fr\/index.php\/wp-json\/wp\/v2\/posts\/543\/revisions"}],"predecessor-version":[{"id":690,"href":"https:\/\/guillainbarre.fr\/index.php\/wp-json\/wp\/v2\/posts\/543\/revisions\/690"}],"wp:featuredmedia":[{"embeddable":true,"href":"https:\/\/guillainbarre.fr\/index.php\/wp-json\/wp\/v2\/media\/547"}],"wp:attachment":[{"href":"https:\/\/guillainbarre.fr\/index.php\/wp-json\/wp\/v2\/media?parent=543"}],"wp:term":[{"taxonomy":"category","embeddable":true,"href":"https:\/\/guillainbarre.fr\/index.php\/wp-json\/wp\/v2\/categories?post=543"},{"taxonomy":"post_tag","embeddable":true,"href":"https:\/\/guillainbarre.fr\/index.php\/wp-json\/wp\/v2\/tags?post=543"}],"curies":[{"name":"wp","href":"https:\/\/api.w.org\/{rel}","templated":true}]}}