{"id":416,"date":"2003-12-21T19:03:00","date_gmt":"2003-12-21T18:03:00","guid":{"rendered":"https:\/\/guillainbarre.fr\/?p=416"},"modified":"2021-11-14T11:48:07","modified_gmt":"2021-11-14T10:48:07","slug":"guillain-barre-traitement","status":"publish","type":"post","link":"https:\/\/guillainbarre.fr\/index.php\/2003\/12\/21\/guillain-barre-traitement\/","title":{"rendered":"Le neurologue confirme que Xavier est atteint du syndrome de Guillain-Barr\u00e9. Traitement : l\u2019injection d\u2019immunoglobuline."},"content":{"rendered":"\n<p class=\"has-drop-cap\"><strong>Mon fils Xavier a \u00e9t\u00e9 victime du syndrome de Guillain-Barr\u00e9 a 15 ans. Le 10 Juillet 1998, apr\u00e8s une gastro-ent\u00e9rite carabin\u00e9e qui a du mal \u00e0 gu\u00e9rir, nous l\u2019emmenons d\u2019urgence \u00e0 l\u2019h\u00f4pital de Grasse car il perd ses forces, ne peut plus tenir debout et a du mal \u00e0 garder quelque chose dans les mains.<\/strong><\/p>\n\n\n\n<blockquote class=\"wp-block-quote\"><p>Jos\u00e9e t\u00e9moigne pour son fils Xavier, 20 ans<\/p><cite>Guillain-Barr\u00e9 \u00e0 15 ans (en 1998)<\/cite><\/blockquote>\n\n\n\n<h2>D\u00e9couverte de la maladie<\/h2>\n\n\n\n<p>Nous sommes vendredi soir et aucun des internes pr\u00e9sents ne fait de diagnostic. A minuit, on nous demande de rentrer chez nous. Nous partons et laissons Xavier sans savoir ce qu\u2019il a.<\/p>\n\n\n\n<p>Le lendemain, le p\u00e9diatre du service nous dit que Xavier a une Polyradiculon\u00e9vrite aigu\u00eb et qu\u2019il faut le transporter au CHU de Nice afin de le mettre sous surveillance : il risque d\u2019\u00eatre en d\u00e9tresse respiratoire. Nous sommes compl\u00e8tement affol\u00e9s, <strong>nous ne connaissons pas cette maladie et peu de personnes sont capables de nous renseigner.<\/strong><\/p>\n\n\n\n<h2>Guillain-Barr\u00e9 et traitement<\/h2>\n\n\n\n<p>Le temps de conduire Xavier sur Nice, il est compl\u00e8tement paralys\u00e9. Notre fils est pris en charge par les urgences p\u00e9diatriques. <strong>Apr\u00e8s une <a href=\"https:\/\/www.santemagazine.fr\/sante\/examens-medicaux\/prelevements\/ponction-lombaire-176915\" data-internallinksmanager029f6b8e52c=\"1\" title=\"Ponction lombaire\" target=\"_blank\" rel=\"noopener\">ponction lombaire<\/a>, le neurologue vient nous confirmer que Xavier est atteint du syndrome de Guillain-Barr\u00e9<\/strong>. Il nous explique l\u2019\u00e9volution de la maladie et que le seul traitement est l\u2019injection d\u2019<a href=\"https:\/\/www.passeportsante.net\/fr\/Maux\/analyses-medicales\/Fiche.aspx?doc=igg-correspond-taux-immunologie-globuline\" data-internallinksmanager029f6b8e52c=\"5\" title=\"Immunoglobuline\" target=\"_blank\" rel=\"noopener\">immunoglobuline<\/a>. Ces injections stoppent apparemment la phase montante puisque Xavier n\u2019a aucun probl\u00e8me respiratoire, de d\u00e9glutition ou de vessie\u2026 mais il ne peut plus bouger.<\/p>\n\n\n\n<p>Quelques jours plus tard appara\u00eet une paralysie faciale. R\u00e9-injection d\u2019immunoglobuline et la paralysie dispara\u00eet heureusement assez vite. <strong>Le neurologue nous dit que cela peut durer 3 semaines, ou 3 mois<\/strong>. Bref, nous restons dans le flou total.<\/p>\n\n\n\n<h2>Le m\u00e9decin est tr\u00e8s pessimiste <\/h2>\n\n\n\n<p>Deux mois plus tard, Xavier ne bouge toujours pas. Entre temps, il a \u00e9t\u00e9 admis dans le service de r\u00e9\u00e9ducation fonctionnelle et le m\u00e9decin qui s\u2019occupe de lui est tr\u00e8s pessimiste. <strong>Heureusement Xavier a un moral d\u2019acier, il ne se d\u00e9courage pas<\/strong>. Il ne veut pas me voir pleurer ni faire la t\u00eate. Il faut dire que le personnel soignant de l\u2019h\u00f4pital est formidable. C\u2019est le plus jeune patient du service. Tout le monde est aux petits soins pour lui.<\/p>\n\n\n\n<h2>Premiers progr\u00e8s<\/h2>\n\n\n\n<p>Enfin, un beau jour, <strong>le muscle de la main commence \u00e0 fr\u00e9mir<\/strong>. Nous sommes super contents et pourtant il faudrait presque une loupe pour le voir bouger. Petit \u00e0 petit avec une <strong>r\u00e9\u00e9ducation intensive et un traitement de cortisone et d\u2019immunoglobulines<\/strong>, les progr\u00e8s commencent \u00e0 appara\u00eetre.<\/p>\n\n\n\n<p>Il a commenc\u00e9 \u00e0 faire ses premiers pas avec un d\u00e9ambulateur \u00e0 roulettes, 7 mois plus tard. Xavier est sorti de l\u2019h\u00f4pital 13 mois apr\u00e8s y \u00eatre entr\u00e9. <\/p>\n\n\n\n<h2>Il cache son handicap<\/h2>\n\n\n\n<p>Cela fait cinq ans maintenant, Il a bien r\u00e9cup\u00e9r\u00e9, mais<strong> <\/strong>il garde des s\u00e9quelles aux mains et aux jambes. Ses chevilles et ses pieds ne bougent toujours pas et <strong>il est oblig\u00e9 de porter des releveurs pour marcher correctement. Il garde \u00e9galement un certain tremblement aux mains<\/strong>. Malgr\u00e9 tout, il est tr\u00e8s courageux, il fait presque tout comme tout le monde, mais il ne veut absolument pas parler de sa maladie.<\/p>\n\n\n\n<p>Xavier cache son handicap tant qu\u2019il peut et n\u2019en parle qu\u2019avec les m\u00e9decins ou avec son kin\u00e9. Il conduit une voiture avec boite automatique, et il poursuit ses \u00e9tudes. Bien entendu nous savons que nous ne devons pas nous faire d\u2019illusions, et qu\u2019il gardera ses releveurs pratiquement toute sa vie. <strong>Mais comme m\u2019a dit le neurologue, \u00e7a aurait pu \u00eatre pire\u2026<\/strong><\/p>\n","protected":false},"excerpt":{"rendered":"<p>Mon fils Xavier a &eacute;t&eacute; victime du syndrome de Guillain-Barr&eacute; a 15 ans. Le 10 Juillet 1998, apr&egrave;s une gastro-ent&eacute;rite carabin&eacute;e qui a du mal &agrave; gu&eacute;rir, nous l&rsquo;emmenons d&rsquo;urgence &agrave; l&rsquo;h&ocirc;pital de Grasse car il perd ses forces, ne peut plus tenir debout et a du mal &agrave; garder<\/p>\n","protected":false},"author":1,"featured_media":417,"comment_status":"open","ping_status":"open","sticky":false,"template":"","format":"standard","meta":[],"categories":[69],"tags":[93,119,43,10,5,124,149,153],"yoast_head":"<!-- This site is optimized with the Yoast SEO plugin v19.4 - https:\/\/yoast.com\/wordpress\/plugins\/seo\/ -->\n<title>Le neurologue confirme que Xavier est atteint du syndrome de Guillain-Barr\u00e9. Traitement : l\u2019injection d\u2019immunoglobuline. - Le Syndrome de Guillain-Barr\u00e9<\/title>\n<meta name=\"description\" content=\"Les injections d\u2019immunoglobuline (traitement Guillain-Barr\u00e9) stoppent apparemment la phase montante mais Xavier ne peut plus bouger.\" \/>\n<meta name=\"robots\" content=\"index, follow, max-snippet:-1, max-image-preview:large, max-video-preview:-1\" \/>\n<link rel=\"canonical\" href=\"https:\/\/guillainbarre.fr\/index.php\/2003\/12\/21\/guillain-barre-traitement\/\" \/>\n<meta property=\"og:locale\" content=\"fr_FR\" \/>\n<meta property=\"og:type\" content=\"article\" \/>\n<meta property=\"og:title\" content=\"Le neurologue confirme que Xavier est atteint du syndrome de Guillain-Barr\u00e9. Traitement : l\u2019injection d\u2019immunoglobuline. - Le Syndrome de Guillain-Barr\u00e9\" \/>\n<meta property=\"og:description\" content=\"Les injections d\u2019immunoglobuline (traitement Guillain-Barr\u00e9) stoppent apparemment la phase montante mais Xavier ne peut plus bouger.\" \/>\n<meta property=\"og:url\" content=\"https:\/\/guillainbarre.fr\/index.php\/2003\/12\/21\/guillain-barre-traitement\/\" \/>\n<meta property=\"og:site_name\" content=\"Le Syndrome de Guillain-Barr\u00e9\" \/>\n<meta property=\"article:published_time\" content=\"2003-12-21T18:03:00+00:00\" \/>\n<meta property=\"article:modified_time\" content=\"2021-11-14T10:48:07+00:00\" \/>\n<meta property=\"og:image\" content=\"https:\/\/guillainbarre.fr\/wp-content\/uploads\/2021\/11\/traitement-Guillain-Barre.jpg\" \/>\n\t<meta property=\"og:image:width\" content=\"1360\" \/>\n\t<meta property=\"og:image:height\" content=\"765\" \/>\n\t<meta property=\"og:image:type\" content=\"image\/jpeg\" \/>\n<meta name=\"author\" content=\"Fred\" \/>\n<meta name=\"twitter:card\" content=\"summary_large_image\" \/>\n<meta name=\"twitter:label1\" content=\"\u00c9crit par\" \/>\n\t<meta name=\"twitter:data1\" content=\"Fred\" \/>\n\t<meta name=\"twitter:label2\" content=\"Dur\u00e9e de lecture estim\u00e9e\" \/>\n\t<meta name=\"twitter:data2\" content=\"3 minutes\" \/>\n<script type=\"application\/ld+json\" class=\"yoast-schema-graph\">{\"@context\":\"https:\/\/schema.org\",\"@graph\":[{\"@type\":\"WebSite\",\"@id\":\"https:\/\/guillainbarre.fr\/#website\",\"url\":\"https:\/\/guillainbarre.fr\/\",\"name\":\"Le Syndrome de Guillain-Barr\u00e9\",\"description\":\"T\u00e9moignages et informations autour de la maladie\",\"potentialAction\":[{\"@type\":\"SearchAction\",\"target\":{\"@type\":\"EntryPoint\",\"urlTemplate\":\"https:\/\/guillainbarre.fr\/?s={search_term_string}\"},\"query-input\":\"required name=search_term_string\"}],\"inLanguage\":\"fr-FR\"},{\"@type\":\"WebPage\",\"@id\":\"https:\/\/guillainbarre.fr\/index.php\/2003\/12\/21\/guillain-barre-traitement\/\",\"url\":\"https:\/\/guillainbarre.fr\/index.php\/2003\/12\/21\/guillain-barre-traitement\/\",\"name\":\"Le neurologue confirme que Xavier est atteint du syndrome de Guillain-Barr\u00e9. Traitement : l\u2019injection d\u2019immunoglobuline. - Le Syndrome de Guillain-Barr\u00e9\",\"isPartOf\":{\"@id\":\"https:\/\/guillainbarre.fr\/#website\"},\"datePublished\":\"2003-12-21T18:03:00+00:00\",\"dateModified\":\"2021-11-14T10:48:07+00:00\",\"author\":{\"@id\":\"https:\/\/guillainbarre.fr\/#\/schema\/person\/4d13e9ab0baabd711f2d645cdcada3ac\"},\"description\":\"Les injections d\u2019immunoglobuline (traitement Guillain-Barr\u00e9) stoppent apparemment la phase montante mais Xavier ne peut plus bouger.\",\"breadcrumb\":{\"@id\":\"https:\/\/guillainbarre.fr\/index.php\/2003\/12\/21\/guillain-barre-traitement\/#breadcrumb\"},\"inLanguage\":\"fr-FR\",\"potentialAction\":[{\"@type\":\"ReadAction\",\"target\":[\"https:\/\/guillainbarre.fr\/index.php\/2003\/12\/21\/guillain-barre-traitement\/\"]}]},{\"@type\":\"BreadcrumbList\",\"@id\":\"https:\/\/guillainbarre.fr\/index.php\/2003\/12\/21\/guillain-barre-traitement\/#breadcrumb\",\"itemListElement\":[{\"@type\":\"ListItem\",\"position\":1,\"name\":\"Accueil\",\"item\":\"https:\/\/guillainbarre.fr\/\"},{\"@type\":\"ListItem\",\"position\":2,\"name\":\"Le neurologue confirme que Xavier est atteint du syndrome de Guillain-Barr\u00e9. Traitement : l\u2019injection d\u2019immunoglobuline.\"}]},{\"@type\":\"Person\",\"@id\":\"https:\/\/guillainbarre.fr\/#\/schema\/person\/4d13e9ab0baabd711f2d645cdcada3ac\",\"name\":\"Fred\",\"image\":{\"@type\":\"ImageObject\",\"inLanguage\":\"fr-FR\",\"@id\":\"https:\/\/guillainbarre.fr\/#\/schema\/person\/image\/\",\"url\":\"https:\/\/secure.gravatar.com\/avatar\/ef38e2bf85ad4796e165952986bdac79?s=96&d=retro&r=g\",\"contentUrl\":\"https:\/\/secure.gravatar.com\/avatar\/ef38e2bf85ad4796e165952986bdac79?s=96&d=retro&r=g\",\"caption\":\"Fred\"},\"sameAs\":[\"http:\/\/guillainbarre.fr\"],\"url\":\"https:\/\/guillainbarre.fr\/index.php\/author\/admin8110\/\"}]}<\/script>\n<!-- \/ Yoast SEO plugin. -->","yoast_head_json":{"title":"Le neurologue confirme que Xavier est atteint du syndrome de Guillain-Barr\u00e9. Traitement : l\u2019injection d\u2019immunoglobuline. - Le Syndrome de Guillain-Barr\u00e9","description":"Les injections d\u2019immunoglobuline (traitement Guillain-Barr\u00e9) stoppent apparemment la phase montante mais Xavier ne peut plus bouger.","robots":{"index":"index","follow":"follow","max-snippet":"max-snippet:-1","max-image-preview":"max-image-preview:large","max-video-preview":"max-video-preview:-1"},"canonical":"https:\/\/guillainbarre.fr\/index.php\/2003\/12\/21\/guillain-barre-traitement\/","og_locale":"fr_FR","og_type":"article","og_title":"Le neurologue confirme que Xavier est atteint du syndrome de Guillain-Barr\u00e9. Traitement : l\u2019injection d\u2019immunoglobuline. - Le Syndrome de Guillain-Barr\u00e9","og_description":"Les injections d\u2019immunoglobuline (traitement Guillain-Barr\u00e9) stoppent apparemment la phase montante mais Xavier ne peut plus bouger.","og_url":"https:\/\/guillainbarre.fr\/index.php\/2003\/12\/21\/guillain-barre-traitement\/","og_site_name":"Le Syndrome de Guillain-Barr\u00e9","article_published_time":"2003-12-21T18:03:00+00:00","article_modified_time":"2021-11-14T10:48:07+00:00","og_image":[{"width":1360,"height":765,"url":"https:\/\/guillainbarre.fr\/wp-content\/uploads\/2021\/11\/traitement-Guillain-Barre.jpg","type":"image\/jpeg"}],"author":"Fred","twitter_card":"summary_large_image","twitter_misc":{"\u00c9crit par":"Fred","Dur\u00e9e de lecture estim\u00e9e":"3 minutes"},"schema":{"@context":"https:\/\/schema.org","@graph":[{"@type":"WebSite","@id":"https:\/\/guillainbarre.fr\/#website","url":"https:\/\/guillainbarre.fr\/","name":"Le Syndrome de Guillain-Barr\u00e9","description":"T\u00e9moignages et informations autour de la maladie","potentialAction":[{"@type":"SearchAction","target":{"@type":"EntryPoint","urlTemplate":"https:\/\/guillainbarre.fr\/?s={search_term_string}"},"query-input":"required name=search_term_string"}],"inLanguage":"fr-FR"},{"@type":"WebPage","@id":"https:\/\/guillainbarre.fr\/index.php\/2003\/12\/21\/guillain-barre-traitement\/","url":"https:\/\/guillainbarre.fr\/index.php\/2003\/12\/21\/guillain-barre-traitement\/","name":"Le neurologue confirme que Xavier est atteint du syndrome de Guillain-Barr\u00e9. Traitement : l\u2019injection d\u2019immunoglobuline. - Le Syndrome de Guillain-Barr\u00e9","isPartOf":{"@id":"https:\/\/guillainbarre.fr\/#website"},"datePublished":"2003-12-21T18:03:00+00:00","dateModified":"2021-11-14T10:48:07+00:00","author":{"@id":"https:\/\/guillainbarre.fr\/#\/schema\/person\/4d13e9ab0baabd711f2d645cdcada3ac"},"description":"Les injections d\u2019immunoglobuline (traitement Guillain-Barr\u00e9) stoppent apparemment la phase montante mais Xavier ne peut plus bouger.","breadcrumb":{"@id":"https:\/\/guillainbarre.fr\/index.php\/2003\/12\/21\/guillain-barre-traitement\/#breadcrumb"},"inLanguage":"fr-FR","potentialAction":[{"@type":"ReadAction","target":["https:\/\/guillainbarre.fr\/index.php\/2003\/12\/21\/guillain-barre-traitement\/"]}]},{"@type":"BreadcrumbList","@id":"https:\/\/guillainbarre.fr\/index.php\/2003\/12\/21\/guillain-barre-traitement\/#breadcrumb","itemListElement":[{"@type":"ListItem","position":1,"name":"Accueil","item":"https:\/\/guillainbarre.fr\/"},{"@type":"ListItem","position":2,"name":"Le neurologue confirme que Xavier est atteint du syndrome de Guillain-Barr\u00e9. Traitement : l\u2019injection d\u2019immunoglobuline."}]},{"@type":"Person","@id":"https:\/\/guillainbarre.fr\/#\/schema\/person\/4d13e9ab0baabd711f2d645cdcada3ac","name":"Fred","image":{"@type":"ImageObject","inLanguage":"fr-FR","@id":"https:\/\/guillainbarre.fr\/#\/schema\/person\/image\/","url":"https:\/\/secure.gravatar.com\/avatar\/ef38e2bf85ad4796e165952986bdac79?s=96&d=retro&r=g","contentUrl":"https:\/\/secure.gravatar.com\/avatar\/ef38e2bf85ad4796e165952986bdac79?s=96&d=retro&r=g","caption":"Fred"},"sameAs":["http:\/\/guillainbarre.fr"],"url":"https:\/\/guillainbarre.fr\/index.php\/author\/admin8110\/"}]}},"_links":{"self":[{"href":"https:\/\/guillainbarre.fr\/index.php\/wp-json\/wp\/v2\/posts\/416"}],"collection":[{"href":"https:\/\/guillainbarre.fr\/index.php\/wp-json\/wp\/v2\/posts"}],"about":[{"href":"https:\/\/guillainbarre.fr\/index.php\/wp-json\/wp\/v2\/types\/post"}],"author":[{"embeddable":true,"href":"https:\/\/guillainbarre.fr\/index.php\/wp-json\/wp\/v2\/users\/1"}],"replies":[{"embeddable":true,"href":"https:\/\/guillainbarre.fr\/index.php\/wp-json\/wp\/v2\/comments?post=416"}],"version-history":[{"count":1,"href":"https:\/\/guillainbarre.fr\/index.php\/wp-json\/wp\/v2\/posts\/416\/revisions"}],"predecessor-version":[{"id":418,"href":"https:\/\/guillainbarre.fr\/index.php\/wp-json\/wp\/v2\/posts\/416\/revisions\/418"}],"wp:featuredmedia":[{"embeddable":true,"href":"https:\/\/guillainbarre.fr\/index.php\/wp-json\/wp\/v2\/media\/417"}],"wp:attachment":[{"href":"https:\/\/guillainbarre.fr\/index.php\/wp-json\/wp\/v2\/media?parent=416"}],"wp:term":[{"taxonomy":"category","embeddable":true,"href":"https:\/\/guillainbarre.fr\/index.php\/wp-json\/wp\/v2\/categories?post=416"},{"taxonomy":"post_tag","embeddable":true,"href":"https:\/\/guillainbarre.fr\/index.php\/wp-json\/wp\/v2\/tags?post=416"}],"curies":[{"name":"wp","href":"https:\/\/api.w.org\/{rel}","templated":true}]}}