{"id":223,"date":"2001-03-06T01:20:00","date_gmt":"2001-03-06T00:20:00","guid":{"rendered":"https:\/\/guillainbarre.fr\/?p=223"},"modified":"2021-11-07T10:05:47","modified_gmt":"2021-11-07T09:05:47","slug":"guillain-barre-vaccin","status":"publish","type":"post","link":"https:\/\/guillainbarre.fr\/index.php\/2001\/03\/06\/guillain-barre-vaccin\/","title":{"rendered":"J&rsquo;ai \u00e9t\u00e9 atteint d&rsquo;un Guillain-Barr\u00e9 apr\u00e8s un rappel du vaccin contre l&rsquo;h\u00e9patite B."},"content":{"rendered":"\n<p class=\"has-drop-cap\"><strong>En 1992, \u00e0 40 ans, j&rsquo;ai \u00e9t\u00e9 atteint d&rsquo;une polyradiculon\u00e9vrite 15 jours apr\u00e8s un rappel du vaccin contre l&rsquo;h\u00e9patite B. Je ne saurais que trop conseiller aux personnes qui ne sentent pas attir\u00e9es par la toxicomanie de refuser cette vaccination imb\u00e9cile et inutile en termes de sant\u00e9 publique, mais tr\u00e8s r\u00e9mun\u00e9ratrice pour le lobby pharmaceutique.<\/strong><\/p>\n\n\n\n<blockquote class=\"wp-block-quote\"><p>Georges,&nbsp;48 ans<\/p><cite>Guillain-Barr\u00e9 \u00e0 40 ans (en 1992)<\/cite><\/blockquote>\n\n\n\n<h2>J<strong>e n&rsquo;accepterai plus d&rsquo;autre vaccin que polio et t\u00e9tanos<\/strong> <\/h2>\n\n\n\n<p>Je ne comprend pas l&rsquo;ent\u00eatement du ministre Kouchner \u00e0 d\u00e9fendre ces pratiques contre vents et mar\u00e9es. En tant que professionnel de la sant\u00e9, cette vaccination est obligatoire pour moi. Je me suis d\u00e9rob\u00e9 au rappel suivant en mena\u00e7ant le m\u00e9decin du travail d&rsquo;une plainte au p\u00e9nal pour coups et blessures et voies de faits, s&rsquo;il s&rsquo;avisait de passer outre mon refus. A ce jour, il n&rsquo;est plus jamais revenu \u00e0 la charge.<\/p>\n\n\n\n<p>Il est clair que, ma vie durant, je n&rsquo;accepterai plus d&rsquo;autre vaccin que polio et t\u00e9tanos (seules v\u00e9ritables maladies \u00e0 risques). J&rsquo;estime avoir eu beaucoup de chance : <strong>cinq semaines d&rsquo;hospitalisation seulement avec trois s\u00e9ances de <a href=\"https:\/\/www.larousse.fr\/encyclopedie\/medical\/plasmaph%C3%A9r%C3%A8se\/3387\" data-internallinksmanager029f6b8e52c=\"10\" title=\"plasmaph\u00e9r\u00e8se\">plasmaph\u00e9r\u00e8ses<\/a><\/strong> (tr\u00e8s efficaces). J&rsquo;ai r\u00e9ussi \u00e0 garder une certaine autonomie tout au long de la maladie. Mon caract\u00e8re m&rsquo;a pouss\u00e9 \u00e0 refuser toute aide du personnel. Mon \u00e9pouse m&rsquo;aidait \u00e0 prendre un bain et pour le reste je me suis d\u00e9brouill\u00e9. Je commen\u00e7ais ma toilette \u00e0 7 heures, je la terminais \u00e0 9 heures en trois fois.<\/p>\n\n\n\n<p>Apr\u00e8s plusieurs chutes, j&rsquo;ai renonc\u00e9 \u00e0 marcher et ai d\u00fb me r\u00e9signer \u00e0 me d\u00e9placer en fauteuil roulant. <strong>La r\u00e9\u00e9ducation fut tr\u00e8s \u00e9nergique<\/strong>, ma kin\u00e9 me fit beaucoup travailler et l&rsquo;ergoth\u00e9rapeute me permit de r\u00e9cup\u00e9rer les gestes fins. Au bout de dix semaines, je repris le travail. Je fus vite \u00e9puis\u00e9 et dus prendre mes cong\u00e9s annuels. <\/p>\n\n\n\n<h2>Bilan des s\u00e9quelles<\/h2>\n\n\n\n<p>\u2022 Capacit\u00e9 de travail r\u00e9duite (fatigue apparaissant tr\u00e8s vite).<br>\u2022 Probl\u00e8mes articulaires m\u00e9nisque op\u00e9r\u00e9 en 1995.<br>\u2022 Nerf cubital coinc\u00e9 dans son canal en 96 p\u00e9riarthrite scapulo-hum\u00e9rale apparue en 94 et O.P. en 97.<br>\u2022 Probl\u00e8me de d\u00e9glutition (fausses routes fr\u00e9quentes, m\u00eame avec la salive).<br>\u2022 Troubles de la sensibilit\u00e9 au niveau de la plante des pieds,<\/p>\n\n\n\n<p>A noter que le corps m\u00e9dical a toujours refus\u00e9 de faire un lien entre ma maladie et la vaccination. Des \u00e9prouvettes de sang ont myst\u00e9rieusement disparu\u2026 Je n&rsquo;ai per\u00e7u aucune indemnit\u00e9. Au contraire, on m&rsquo;a souvent reproch\u00e9 mon manque de performances professionnelles, ce qui a entrain\u00e9 une stagnation de carri\u00e8re.<\/p>\n","protected":false},"excerpt":{"rendered":"<p>En 1992, &agrave; 40 ans, j&rsquo;ai &eacute;t&eacute; atteint d&rsquo;une polyradiculon&eacute;vrite 15 jours apr&egrave;s un rappel du vaccin contre l&rsquo;h&eacute;patite B. Je ne saurais que trop conseiller aux personnes qui ne sentent pas attir&eacute;es par la toxicomanie de refuser cette vaccination imb&eacute;cile et inutile en termes de sant&eacute; publique, mais tr&egrave;s<\/p>\n","protected":false},"author":1,"featured_media":224,"comment_status":"open","ping_status":"open","sticky":false,"template":"","format":"standard","meta":[],"categories":[67],"tags":[23,79,59,88,42],"yoast_head":"<!-- This site is optimized with the Yoast SEO plugin v19.4 - https:\/\/yoast.com\/wordpress\/plugins\/seo\/ -->\n<title>J&#039;ai \u00e9t\u00e9 atteint d&#039;un Guillain-Barr\u00e9 apr\u00e8s un rappel du vaccin contre l&#039;h\u00e9patite B. - Le Syndrome de Guillain-Barr\u00e9<\/title>\n<meta name=\"description\" content=\"Un rappel de vaccin contre l&#039;h\u00e9patite B a d\u00e9clench\u00e9 le guillain-barr\u00e9. Je n&#039;accepterai plus d&#039;autre vaccin que polio et t\u00e9tanos\" \/>\n<meta name=\"robots\" content=\"index, follow, max-snippet:-1, max-image-preview:large, max-video-preview:-1\" \/>\n<link rel=\"canonical\" href=\"https:\/\/guillainbarre.fr\/index.php\/2001\/03\/06\/guillain-barre-vaccin\/\" \/>\n<meta property=\"og:locale\" content=\"fr_FR\" \/>\n<meta property=\"og:type\" content=\"article\" \/>\n<meta property=\"og:title\" content=\"J&#039;ai \u00e9t\u00e9 atteint d&#039;un Guillain-Barr\u00e9 apr\u00e8s un rappel du vaccin contre l&#039;h\u00e9patite B. - Le Syndrome de Guillain-Barr\u00e9\" \/>\n<meta property=\"og:description\" content=\"Un rappel de vaccin contre l&#039;h\u00e9patite B a d\u00e9clench\u00e9 le guillain-barr\u00e9. Je n&#039;accepterai plus d&#039;autre vaccin que polio et t\u00e9tanos\" \/>\n<meta property=\"og:url\" content=\"https:\/\/guillainbarre.fr\/index.php\/2001\/03\/06\/guillain-barre-vaccin\/\" \/>\n<meta property=\"og:site_name\" content=\"Le Syndrome de Guillain-Barr\u00e9\" \/>\n<meta property=\"article:published_time\" content=\"2001-03-06T00:20:00+00:00\" \/>\n<meta property=\"article:modified_time\" content=\"2021-11-07T09:05:47+00:00\" \/>\n<meta property=\"og:image\" content=\"https:\/\/guillainbarre.fr\/wp-content\/uploads\/2021\/11\/plasmaphereses.jpg\" \/>\n\t<meta property=\"og:image:width\" content=\"1360\" \/>\n\t<meta property=\"og:image:height\" content=\"765\" \/>\n\t<meta property=\"og:image:type\" content=\"image\/jpeg\" \/>\n<meta name=\"author\" content=\"Fred\" \/>\n<meta name=\"twitter:card\" content=\"summary_large_image\" \/>\n<meta name=\"twitter:label1\" content=\"\u00c9crit par\" \/>\n\t<meta name=\"twitter:data1\" content=\"Fred\" \/>\n\t<meta name=\"twitter:label2\" content=\"Dur\u00e9e de lecture estim\u00e9e\" \/>\n\t<meta name=\"twitter:data2\" content=\"2 minutes\" \/>\n<script type=\"application\/ld+json\" class=\"yoast-schema-graph\">{\"@context\":\"https:\/\/schema.org\",\"@graph\":[{\"@type\":\"WebSite\",\"@id\":\"https:\/\/guillainbarre.fr\/#website\",\"url\":\"https:\/\/guillainbarre.fr\/\",\"name\":\"Le Syndrome de Guillain-Barr\u00e9\",\"description\":\"T\u00e9moignages et informations autour de la maladie\",\"potentialAction\":[{\"@type\":\"SearchAction\",\"target\":{\"@type\":\"EntryPoint\",\"urlTemplate\":\"https:\/\/guillainbarre.fr\/?s={search_term_string}\"},\"query-input\":\"required name=search_term_string\"}],\"inLanguage\":\"fr-FR\"},{\"@type\":\"WebPage\",\"@id\":\"https:\/\/guillainbarre.fr\/index.php\/2001\/03\/06\/guillain-barre-vaccin\/\",\"url\":\"https:\/\/guillainbarre.fr\/index.php\/2001\/03\/06\/guillain-barre-vaccin\/\",\"name\":\"J'ai \u00e9t\u00e9 atteint d'un Guillain-Barr\u00e9 apr\u00e8s un rappel du vaccin contre l'h\u00e9patite B. - Le Syndrome de Guillain-Barr\u00e9\",\"isPartOf\":{\"@id\":\"https:\/\/guillainbarre.fr\/#website\"},\"datePublished\":\"2001-03-06T00:20:00+00:00\",\"dateModified\":\"2021-11-07T09:05:47+00:00\",\"author\":{\"@id\":\"https:\/\/guillainbarre.fr\/#\/schema\/person\/4d13e9ab0baabd711f2d645cdcada3ac\"},\"description\":\"Un rappel de vaccin contre l'h\u00e9patite B a d\u00e9clench\u00e9 le guillain-barr\u00e9. Je n'accepterai plus d'autre vaccin que polio et t\u00e9tanos\",\"breadcrumb\":{\"@id\":\"https:\/\/guillainbarre.fr\/index.php\/2001\/03\/06\/guillain-barre-vaccin\/#breadcrumb\"},\"inLanguage\":\"fr-FR\",\"potentialAction\":[{\"@type\":\"ReadAction\",\"target\":[\"https:\/\/guillainbarre.fr\/index.php\/2001\/03\/06\/guillain-barre-vaccin\/\"]}]},{\"@type\":\"BreadcrumbList\",\"@id\":\"https:\/\/guillainbarre.fr\/index.php\/2001\/03\/06\/guillain-barre-vaccin\/#breadcrumb\",\"itemListElement\":[{\"@type\":\"ListItem\",\"position\":1,\"name\":\"Accueil\",\"item\":\"https:\/\/guillainbarre.fr\/\"},{\"@type\":\"ListItem\",\"position\":2,\"name\":\"J&#8217;ai \u00e9t\u00e9 atteint d&#8217;un Guillain-Barr\u00e9 apr\u00e8s un rappel du vaccin contre l&#8217;h\u00e9patite B.\"}]},{\"@type\":\"Person\",\"@id\":\"https:\/\/guillainbarre.fr\/#\/schema\/person\/4d13e9ab0baabd711f2d645cdcada3ac\",\"name\":\"Fred\",\"image\":{\"@type\":\"ImageObject\",\"inLanguage\":\"fr-FR\",\"@id\":\"https:\/\/guillainbarre.fr\/#\/schema\/person\/image\/\",\"url\":\"https:\/\/secure.gravatar.com\/avatar\/ef38e2bf85ad4796e165952986bdac79?s=96&d=retro&r=g\",\"contentUrl\":\"https:\/\/secure.gravatar.com\/avatar\/ef38e2bf85ad4796e165952986bdac79?s=96&d=retro&r=g\",\"caption\":\"Fred\"},\"sameAs\":[\"http:\/\/guillainbarre.fr\"],\"url\":\"https:\/\/guillainbarre.fr\/index.php\/author\/admin8110\/\"}]}<\/script>\n<!-- \/ Yoast SEO plugin. -->","yoast_head_json":{"title":"J'ai \u00e9t\u00e9 atteint d'un Guillain-Barr\u00e9 apr\u00e8s un rappel du vaccin contre l'h\u00e9patite B. - Le Syndrome de Guillain-Barr\u00e9","description":"Un rappel de vaccin contre l'h\u00e9patite B a d\u00e9clench\u00e9 le guillain-barr\u00e9. Je n'accepterai plus d'autre vaccin que polio et t\u00e9tanos","robots":{"index":"index","follow":"follow","max-snippet":"max-snippet:-1","max-image-preview":"max-image-preview:large","max-video-preview":"max-video-preview:-1"},"canonical":"https:\/\/guillainbarre.fr\/index.php\/2001\/03\/06\/guillain-barre-vaccin\/","og_locale":"fr_FR","og_type":"article","og_title":"J'ai \u00e9t\u00e9 atteint d'un Guillain-Barr\u00e9 apr\u00e8s un rappel du vaccin contre l'h\u00e9patite B. - Le Syndrome de Guillain-Barr\u00e9","og_description":"Un rappel de vaccin contre l'h\u00e9patite B a d\u00e9clench\u00e9 le guillain-barr\u00e9. Je n'accepterai plus d'autre vaccin que polio et t\u00e9tanos","og_url":"https:\/\/guillainbarre.fr\/index.php\/2001\/03\/06\/guillain-barre-vaccin\/","og_site_name":"Le Syndrome de Guillain-Barr\u00e9","article_published_time":"2001-03-06T00:20:00+00:00","article_modified_time":"2021-11-07T09:05:47+00:00","og_image":[{"width":1360,"height":765,"url":"https:\/\/guillainbarre.fr\/wp-content\/uploads\/2021\/11\/plasmaphereses.jpg","type":"image\/jpeg"}],"author":"Fred","twitter_card":"summary_large_image","twitter_misc":{"\u00c9crit par":"Fred","Dur\u00e9e de lecture estim\u00e9e":"2 minutes"},"schema":{"@context":"https:\/\/schema.org","@graph":[{"@type":"WebSite","@id":"https:\/\/guillainbarre.fr\/#website","url":"https:\/\/guillainbarre.fr\/","name":"Le Syndrome de Guillain-Barr\u00e9","description":"T\u00e9moignages et informations autour de la maladie","potentialAction":[{"@type":"SearchAction","target":{"@type":"EntryPoint","urlTemplate":"https:\/\/guillainbarre.fr\/?s={search_term_string}"},"query-input":"required name=search_term_string"}],"inLanguage":"fr-FR"},{"@type":"WebPage","@id":"https:\/\/guillainbarre.fr\/index.php\/2001\/03\/06\/guillain-barre-vaccin\/","url":"https:\/\/guillainbarre.fr\/index.php\/2001\/03\/06\/guillain-barre-vaccin\/","name":"J'ai \u00e9t\u00e9 atteint d'un Guillain-Barr\u00e9 apr\u00e8s un rappel du vaccin contre l'h\u00e9patite B. - Le Syndrome de Guillain-Barr\u00e9","isPartOf":{"@id":"https:\/\/guillainbarre.fr\/#website"},"datePublished":"2001-03-06T00:20:00+00:00","dateModified":"2021-11-07T09:05:47+00:00","author":{"@id":"https:\/\/guillainbarre.fr\/#\/schema\/person\/4d13e9ab0baabd711f2d645cdcada3ac"},"description":"Un rappel de vaccin contre l'h\u00e9patite B a d\u00e9clench\u00e9 le guillain-barr\u00e9. Je n'accepterai plus d'autre vaccin que polio et t\u00e9tanos","breadcrumb":{"@id":"https:\/\/guillainbarre.fr\/index.php\/2001\/03\/06\/guillain-barre-vaccin\/#breadcrumb"},"inLanguage":"fr-FR","potentialAction":[{"@type":"ReadAction","target":["https:\/\/guillainbarre.fr\/index.php\/2001\/03\/06\/guillain-barre-vaccin\/"]}]},{"@type":"BreadcrumbList","@id":"https:\/\/guillainbarre.fr\/index.php\/2001\/03\/06\/guillain-barre-vaccin\/#breadcrumb","itemListElement":[{"@type":"ListItem","position":1,"name":"Accueil","item":"https:\/\/guillainbarre.fr\/"},{"@type":"ListItem","position":2,"name":"J&#8217;ai \u00e9t\u00e9 atteint d&#8217;un Guillain-Barr\u00e9 apr\u00e8s un rappel du vaccin contre l&#8217;h\u00e9patite B."}]},{"@type":"Person","@id":"https:\/\/guillainbarre.fr\/#\/schema\/person\/4d13e9ab0baabd711f2d645cdcada3ac","name":"Fred","image":{"@type":"ImageObject","inLanguage":"fr-FR","@id":"https:\/\/guillainbarre.fr\/#\/schema\/person\/image\/","url":"https:\/\/secure.gravatar.com\/avatar\/ef38e2bf85ad4796e165952986bdac79?s=96&d=retro&r=g","contentUrl":"https:\/\/secure.gravatar.com\/avatar\/ef38e2bf85ad4796e165952986bdac79?s=96&d=retro&r=g","caption":"Fred"},"sameAs":["http:\/\/guillainbarre.fr"],"url":"https:\/\/guillainbarre.fr\/index.php\/author\/admin8110\/"}]}},"_links":{"self":[{"href":"https:\/\/guillainbarre.fr\/index.php\/wp-json\/wp\/v2\/posts\/223"}],"collection":[{"href":"https:\/\/guillainbarre.fr\/index.php\/wp-json\/wp\/v2\/posts"}],"about":[{"href":"https:\/\/guillainbarre.fr\/index.php\/wp-json\/wp\/v2\/types\/post"}],"author":[{"embeddable":true,"href":"https:\/\/guillainbarre.fr\/index.php\/wp-json\/wp\/v2\/users\/1"}],"replies":[{"embeddable":true,"href":"https:\/\/guillainbarre.fr\/index.php\/wp-json\/wp\/v2\/comments?post=223"}],"version-history":[{"count":4,"href":"https:\/\/guillainbarre.fr\/index.php\/wp-json\/wp\/v2\/posts\/223\/revisions"}],"predecessor-version":[{"id":310,"href":"https:\/\/guillainbarre.fr\/index.php\/wp-json\/wp\/v2\/posts\/223\/revisions\/310"}],"wp:featuredmedia":[{"embeddable":true,"href":"https:\/\/guillainbarre.fr\/index.php\/wp-json\/wp\/v2\/media\/224"}],"wp:attachment":[{"href":"https:\/\/guillainbarre.fr\/index.php\/wp-json\/wp\/v2\/media?parent=223"}],"wp:term":[{"taxonomy":"category","embeddable":true,"href":"https:\/\/guillainbarre.fr\/index.php\/wp-json\/wp\/v2\/categories?post=223"},{"taxonomy":"post_tag","embeddable":true,"href":"https:\/\/guillainbarre.fr\/index.php\/wp-json\/wp\/v2\/tags?post=223"}],"curies":[{"name":"wp","href":"https:\/\/api.w.org\/{rel}","templated":true}]}}