{"id":210,"date":"2000-06-12T21:42:00","date_gmt":"2000-06-12T19:42:00","guid":{"rendered":"https:\/\/guillainbarre.fr\/?p=210"},"modified":"2021-11-09T12:21:27","modified_gmt":"2021-11-09T11:21:27","slug":"paralysee-de-la-tete-aux-pieds-guillain-barre","status":"publish","type":"post","link":"https:\/\/guillainbarre.fr\/index.php\/2000\/06\/12\/paralysee-de-la-tete-aux-pieds-guillain-barre\/","title":{"rendered":"Paralys\u00e9e de la t\u00eate aux pieds par le SGB, ses paupi\u00e8res ne s&rsquo;ouvraient plus. C&rsquo;est lorsqu&rsquo;on les soulevait qu&rsquo;elle pouvait nous voir."},"content":{"rendered":"\n<p class=\"has-drop-cap\"><strong>Ma m\u00e8re a \u00e9t\u00e9 touch\u00e9e par le syndrome Guillain-Barr\u00e9 \u00e0 65 ans. Nous habitons pr\u00e8s de Valleyfield au Qu\u00e9bec \u00e0 environ 45 minutes de Montr\u00e9al. Le 1er janvier 2000,  toute la famille \u00e9tait r\u00e9unie pour le d\u00eener. Ma m\u00e8re me dit qu&rsquo;elle s&rsquo;est lev\u00e9e le matin avec un engourdissement au niveau de la langue et qu&rsquo;elle a des difficult\u00e9s \u00e0 parler.<\/strong><\/p>\n\n\n\n<blockquote class=\"wp-block-quote\"><p>Chantal 33 ans, t\u00e9moigne pour sa maman<\/p><cite>Guillain-Barr\u00e9 \u00e0 65 ans<\/cite><\/blockquote>\n\n\n\n<h2>La maladie s&rsquo;installe<\/h2>\n\n\n\n<p>Nous avons \u00e9t\u00e9 voir un m\u00e9decin et apr\u00e8s plusieurs examens, <strong>ils croyaient qu&rsquo;elle avait fait un tr\u00e8s petit an\u00e9vrisme<\/strong>. Ils d\u00e9cid\u00e8rent de la garder en observation parce qu&rsquo;elle ne pouvait pas manger (difficult\u00e9 \u00e0 avaler). Le lendemain matin, elle \u00e9tait encore plus faible et son engourdissement se situait au niveau de tout le visage et descendait vers les membres inf\u00e9rieurs. <\/p>\n\n\n\n<p>Ils ont d\u00e9cid\u00e9 de la transf\u00e9rer vers un h\u00f4pital de Montr\u00e9al 2 jours plus tard car ils croyaient qu&rsquo;elle avait des dommages au cerveau. C&rsquo;est lorsqu&rsquo;elle a fait un arr\u00eat respiratoire (son c\u0153ur \u00e9tait tr\u00e8s bon ainsi que ses poumons) et plusieurs tests que <strong>les m\u00e9decins de l&rsquo;H\u00f4pital G\u00e9n\u00e9ral de Montr\u00e9al ont conclu qu&rsquo;elle avait le syndrome de Guillain-Barr\u00e9<\/strong>. \u00c0 ce moment l\u00e0, j&rsquo;ai lu plusieurs choses \u00e0 ce sujet et j&rsquo;ai appris ce qu&rsquo;\u00e9tait ce syndrome.<\/p>\n\n\n\n<h2>Paralys\u00e9e par le Guillain-Barr\u00e9<\/h2>\n\n\n\n<p>Ma m\u00e8re vient tout juste de rentrer \u00e0 la maison, une ann\u00e9e apr\u00e8s le d\u00e9but de la maladie. Elle est paralys\u00e9e de la t\u00eate aux pieds \u00e0 cause du Guillain-Barr\u00e9. Elle a \u00e9t\u00e9 dans le noir pendant un mois et demi car <strong>ses paupi\u00e8res ne s&rsquo;ouvraient plus<\/strong>. Ce n&rsquo;est que lorsqu&rsquo;on les soulevait qu&rsquo;elle pouvait nous voir. Elle a toujours \u00e9t\u00e9 consciente mais sans \u00eatre capable d&rsquo;exprimer ce qu&rsquo;elle voulait dire.<\/p>\n\n\n\n<h2>Une famille soud\u00e9e<\/h2>\n\n\n\n<p>Nous sommes une famille de 3 enfants (3 filles) et mon p\u00e8re est retrait\u00e9 comme ma m\u00e8re. Nous avons voyag\u00e9 toute l&rsquo;ann\u00e9e de Sainte-Barbe \u00e0 Montr\u00e9al chacun notre tour pour encourager ma m\u00e8re et aider \u00e9galement mon p\u00e8re. \u00c0 part une journ\u00e9e ou deux de temp\u00eate de neige,<strong> il y a eu \u00e0 chaque jour quelqu&rsquo;un aupr\u00e8s de ma m\u00e8re pour la r\u00e9conforter<\/strong>. Je crois que sans l&rsquo;aide de toute la famille et des amis, ma m\u00e8re ne serait pas l\u00e0 aujourd&rsquo;hui, sur ses 2 jambes et avec ce go\u00fbt de vivre.<\/p>\n\n\n\n<p>J&rsquo;ai trois enfants ( 3 filles de 8, 7 et 5 ans) et ma s\u0153ur plus \u00e2g\u00e9e que moi en a 2 aussi ( 9 et 7 ans). Ma s\u0153ur la plus jeune n&rsquo;a pas d&rsquo;enfants et nous a beaucoup aid\u00e9. Avec les enfants et notre travail (parce que nous travaillons toutes ainsi que nos conjoints) il n&rsquo;\u00e9tait pas facile de concilier tout cela.<\/p>\n\n\n\n<h2>On a cru qu&rsquo;elle allait nous laisser&#8230;<\/h2>\n\n\n\n<p>Elle a subi \u00e0 travers tout cela une op\u00e9ration due \u00e0 une bact\u00e9rie d&rsquo;h\u00f4pital lors de son s\u00e9jour \u00e0 l&rsquo;H\u00f4pital G\u00e9n\u00e9ral de Montr\u00e9al. On lui a enlev\u00e9 le gros intestin, ce qui a retard\u00e9 sa gu\u00e9rison. \u00c0 plusieurs reprises, nous avons cru qu&rsquo;elle nous laissait. <strong>Elle a pass\u00e9 environ 4 mois \u00e0 l&rsquo;unit\u00e9 des soins intensifs <\/strong>parce qu&rsquo;elle respirait \u00e0 l&rsquo;aide du respirateur. Lorsqu&rsquo;elle ne pouvait ni voir, ni parler, ni bouger le corps, on posait des questions et elle r\u00e9pondait par les pieds : le pied gauche pour dire oui et le pied droit pour dire non. Elle a vu beaucoup de m\u00e9decins et d&rsquo;infirmi\u00e8res lors de son s\u00e9jour.<\/p>\n\n\n\n<p>Au mois de septembre, elle a \u00e9t\u00e9 transf\u00e9r\u00e9e vers un centre de r\u00e9\u00e9ducation \u00e0 Valleyfield ( 20 minutes de Sainte-Barbe). Maintenant elle marche et se d\u00e9place tr\u00e8s bien. Il est certain qu&rsquo;elle n&rsquo;a pas la vitesse qu&rsquo;elle avait auparavant car elle \u00e9tait en tr\u00e8s bonne sant\u00e9 et \u00e9tait une personne tr\u00e8s autonome. <\/p>\n\n\n\n<h2>Un peu d&rsquo;espoir pour la suite<\/h2>\n\n\n\n<p>Aujourd&rsquo;hui, elle a des traces de ce Guillain-Barr\u00e9, elle a encore des difficult\u00e9s \u00e0 parler et devra aussi aller faire de la physioth\u00e9rapie une \u00e0 deux fois par semaine. <\/p>\n\n\n\n<p>Les m\u00e9decins disent qu&rsquo;elle est \u00e0 80 % de son \u00e9tat normal alors avec le temps, ils croient qu&rsquo;elle regagnera tout ou presque tout le reste. Vers le mois d&rsquo;avril ou mai, elle devrait subir une op\u00e9ration pour reconnecter le bout restant de son intestin pour enlever sa stomie (sac). <strong>C&rsquo;est incroyable comment le syst\u00e8me humain peut \u00eatre fort <\/strong>et comment les gens peuvent vaincre toutes sortes de choses. Car \u00e0 plusieurs reprises, on se disait&#8230; elle ne passera pas au travers. Et nous non plus, moralement.<\/p>\n\n\n\n<p>Je suis fi\u00e8re de ma m\u00e8re pour tout le courage qu&rsquo;elle a eu et je suis fi\u00e8re de mon p\u00e8re pour le r\u00e9confort qu&rsquo;il a eu envers elle et ses enfants. <strong>C&rsquo;est vraiment une \u00e9preuve qu&rsquo;on ne voudrait pas revivre<\/strong>. Il n&rsquo;y a pas de moment o\u00f9 l&rsquo;on peut choisir de vivre une telle chose. La fa\u00e7on de vaincre cela est de garder espoir et le temps fera le reste.<\/p>\n","protected":false},"excerpt":{"rendered":"<p>Ma m&egrave;re a &eacute;t&eacute; touch&eacute;e par le syndrome Guillain-Barr&eacute; &agrave; 65 ans. Nous habitons pr&egrave;s de Valleyfield au Qu&eacute;bec &agrave; environ 45 minutes de Montr&eacute;al. Le 1er janvier 2000, toute la famille &eacute;tait r&eacute;unie pour le d&icirc;ner. Ma m&egrave;re me dit qu&rsquo;elle s&rsquo;est lev&eacute;e le matin avec un engourdissement au<\/p>\n","protected":false},"author":1,"featured_media":213,"comment_status":"open","ping_status":"open","sticky":false,"template":"","format":"standard","meta":[],"categories":[68],"tags":[48,23,5],"yoast_head":"<!-- This site is optimized with the Yoast SEO plugin v19.4 - https:\/\/yoast.com\/wordpress\/plugins\/seo\/ -->\n<title>Paralys\u00e9e de la t\u00eate aux pieds par le SGB, ses paupi\u00e8res ne s&#039;ouvraient plus. C&#039;est lorsqu&#039;on les soulevait qu&#039;elle pouvait nous voir. - Le Syndrome de Guillain-Barr\u00e9<\/title>\n<meta name=\"description\" content=\"Elle est encore partiellement paralys\u00e9e \u00e0 cause de ce Guillain-Barr\u00e9, elle a des difficult\u00e9s \u00e0 parler et devra faire de la physioth\u00e9rapie\" \/>\n<meta name=\"robots\" content=\"index, follow, max-snippet:-1, max-image-preview:large, max-video-preview:-1\" \/>\n<link rel=\"canonical\" href=\"https:\/\/guillainbarre.fr\/index.php\/2000\/06\/12\/paralysee-de-la-tete-aux-pieds-guillain-barre\/\" \/>\n<meta property=\"og:locale\" content=\"fr_FR\" \/>\n<meta property=\"og:type\" content=\"article\" \/>\n<meta property=\"og:title\" content=\"Paralys\u00e9e de la t\u00eate aux pieds par le SGB, ses paupi\u00e8res ne s&#039;ouvraient plus. C&#039;est lorsqu&#039;on les soulevait qu&#039;elle pouvait nous voir. - Le Syndrome de Guillain-Barr\u00e9\" \/>\n<meta property=\"og:description\" content=\"Elle est encore partiellement paralys\u00e9e \u00e0 cause de ce Guillain-Barr\u00e9, elle a des difficult\u00e9s \u00e0 parler et devra faire de la physioth\u00e9rapie\" \/>\n<meta property=\"og:url\" content=\"https:\/\/guillainbarre.fr\/index.php\/2000\/06\/12\/paralysee-de-la-tete-aux-pieds-guillain-barre\/\" \/>\n<meta property=\"og:site_name\" content=\"Le Syndrome de Guillain-Barr\u00e9\" \/>\n<meta property=\"article:published_time\" content=\"2000-06-12T19:42:00+00:00\" \/>\n<meta property=\"article:modified_time\" content=\"2021-11-09T11:21:27+00:00\" \/>\n<meta property=\"og:image\" content=\"https:\/\/guillainbarre.fr\/wp-content\/uploads\/2000\/06\/serein.jpg\" \/>\n\t<meta property=\"og:image:width\" content=\"1360\" \/>\n\t<meta property=\"og:image:height\" content=\"765\" \/>\n\t<meta property=\"og:image:type\" content=\"image\/jpeg\" \/>\n<meta name=\"author\" content=\"Fred\" \/>\n<meta name=\"twitter:card\" content=\"summary_large_image\" \/>\n<meta name=\"twitter:label1\" content=\"\u00c9crit par\" \/>\n\t<meta name=\"twitter:data1\" content=\"Fred\" \/>\n\t<meta name=\"twitter:label2\" content=\"Dur\u00e9e de lecture estim\u00e9e\" \/>\n\t<meta name=\"twitter:data2\" content=\"4 minutes\" \/>\n<script type=\"application\/ld+json\" class=\"yoast-schema-graph\">{\"@context\":\"https:\/\/schema.org\",\"@graph\":[{\"@type\":\"WebSite\",\"@id\":\"https:\/\/guillainbarre.fr\/#website\",\"url\":\"https:\/\/guillainbarre.fr\/\",\"name\":\"Le Syndrome de Guillain-Barr\u00e9\",\"description\":\"T\u00e9moignages et informations autour de la maladie\",\"potentialAction\":[{\"@type\":\"SearchAction\",\"target\":{\"@type\":\"EntryPoint\",\"urlTemplate\":\"https:\/\/guillainbarre.fr\/?s={search_term_string}\"},\"query-input\":\"required name=search_term_string\"}],\"inLanguage\":\"fr-FR\"},{\"@type\":\"WebPage\",\"@id\":\"https:\/\/guillainbarre.fr\/index.php\/2000\/06\/12\/paralysee-de-la-tete-aux-pieds-guillain-barre\/\",\"url\":\"https:\/\/guillainbarre.fr\/index.php\/2000\/06\/12\/paralysee-de-la-tete-aux-pieds-guillain-barre\/\",\"name\":\"Paralys\u00e9e de la t\u00eate aux pieds par le SGB, ses paupi\u00e8res ne s'ouvraient plus. C'est lorsqu'on les soulevait qu'elle pouvait nous voir. - Le Syndrome de Guillain-Barr\u00e9\",\"isPartOf\":{\"@id\":\"https:\/\/guillainbarre.fr\/#website\"},\"datePublished\":\"2000-06-12T19:42:00+00:00\",\"dateModified\":\"2021-11-09T11:21:27+00:00\",\"author\":{\"@id\":\"https:\/\/guillainbarre.fr\/#\/schema\/person\/4d13e9ab0baabd711f2d645cdcada3ac\"},\"description\":\"Elle est encore partiellement paralys\u00e9e \u00e0 cause de ce Guillain-Barr\u00e9, elle a des difficult\u00e9s \u00e0 parler et devra faire de la physioth\u00e9rapie\",\"breadcrumb\":{\"@id\":\"https:\/\/guillainbarre.fr\/index.php\/2000\/06\/12\/paralysee-de-la-tete-aux-pieds-guillain-barre\/#breadcrumb\"},\"inLanguage\":\"fr-FR\",\"potentialAction\":[{\"@type\":\"ReadAction\",\"target\":[\"https:\/\/guillainbarre.fr\/index.php\/2000\/06\/12\/paralysee-de-la-tete-aux-pieds-guillain-barre\/\"]}]},{\"@type\":\"BreadcrumbList\",\"@id\":\"https:\/\/guillainbarre.fr\/index.php\/2000\/06\/12\/paralysee-de-la-tete-aux-pieds-guillain-barre\/#breadcrumb\",\"itemListElement\":[{\"@type\":\"ListItem\",\"position\":1,\"name\":\"Accueil\",\"item\":\"https:\/\/guillainbarre.fr\/\"},{\"@type\":\"ListItem\",\"position\":2,\"name\":\"Paralys\u00e9e de la t\u00eate aux pieds par le SGB, ses paupi\u00e8res ne s&#8217;ouvraient plus. C&#8217;est lorsqu&#8217;on les soulevait qu&#8217;elle pouvait nous voir.\"}]},{\"@type\":\"Person\",\"@id\":\"https:\/\/guillainbarre.fr\/#\/schema\/person\/4d13e9ab0baabd711f2d645cdcada3ac\",\"name\":\"Fred\",\"image\":{\"@type\":\"ImageObject\",\"inLanguage\":\"fr-FR\",\"@id\":\"https:\/\/guillainbarre.fr\/#\/schema\/person\/image\/\",\"url\":\"https:\/\/secure.gravatar.com\/avatar\/ef38e2bf85ad4796e165952986bdac79?s=96&d=retro&r=g\",\"contentUrl\":\"https:\/\/secure.gravatar.com\/avatar\/ef38e2bf85ad4796e165952986bdac79?s=96&d=retro&r=g\",\"caption\":\"Fred\"},\"sameAs\":[\"http:\/\/guillainbarre.fr\"],\"url\":\"https:\/\/guillainbarre.fr\/index.php\/author\/admin8110\/\"}]}<\/script>\n<!-- \/ Yoast SEO plugin. -->","yoast_head_json":{"title":"Paralys\u00e9e de la t\u00eate aux pieds par le SGB, ses paupi\u00e8res ne s'ouvraient plus. C'est lorsqu'on les soulevait qu'elle pouvait nous voir. - Le Syndrome de Guillain-Barr\u00e9","description":"Elle est encore partiellement paralys\u00e9e \u00e0 cause de ce Guillain-Barr\u00e9, elle a des difficult\u00e9s \u00e0 parler et devra faire de la physioth\u00e9rapie","robots":{"index":"index","follow":"follow","max-snippet":"max-snippet:-1","max-image-preview":"max-image-preview:large","max-video-preview":"max-video-preview:-1"},"canonical":"https:\/\/guillainbarre.fr\/index.php\/2000\/06\/12\/paralysee-de-la-tete-aux-pieds-guillain-barre\/","og_locale":"fr_FR","og_type":"article","og_title":"Paralys\u00e9e de la t\u00eate aux pieds par le SGB, ses paupi\u00e8res ne s'ouvraient plus. C'est lorsqu'on les soulevait qu'elle pouvait nous voir. - Le Syndrome de Guillain-Barr\u00e9","og_description":"Elle est encore partiellement paralys\u00e9e \u00e0 cause de ce Guillain-Barr\u00e9, elle a des difficult\u00e9s \u00e0 parler et devra faire de la physioth\u00e9rapie","og_url":"https:\/\/guillainbarre.fr\/index.php\/2000\/06\/12\/paralysee-de-la-tete-aux-pieds-guillain-barre\/","og_site_name":"Le Syndrome de Guillain-Barr\u00e9","article_published_time":"2000-06-12T19:42:00+00:00","article_modified_time":"2021-11-09T11:21:27+00:00","og_image":[{"width":1360,"height":765,"url":"https:\/\/guillainbarre.fr\/wp-content\/uploads\/2000\/06\/serein.jpg","type":"image\/jpeg"}],"author":"Fred","twitter_card":"summary_large_image","twitter_misc":{"\u00c9crit par":"Fred","Dur\u00e9e de lecture estim\u00e9e":"4 minutes"},"schema":{"@context":"https:\/\/schema.org","@graph":[{"@type":"WebSite","@id":"https:\/\/guillainbarre.fr\/#website","url":"https:\/\/guillainbarre.fr\/","name":"Le Syndrome de Guillain-Barr\u00e9","description":"T\u00e9moignages et informations autour de la maladie","potentialAction":[{"@type":"SearchAction","target":{"@type":"EntryPoint","urlTemplate":"https:\/\/guillainbarre.fr\/?s={search_term_string}"},"query-input":"required name=search_term_string"}],"inLanguage":"fr-FR"},{"@type":"WebPage","@id":"https:\/\/guillainbarre.fr\/index.php\/2000\/06\/12\/paralysee-de-la-tete-aux-pieds-guillain-barre\/","url":"https:\/\/guillainbarre.fr\/index.php\/2000\/06\/12\/paralysee-de-la-tete-aux-pieds-guillain-barre\/","name":"Paralys\u00e9e de la t\u00eate aux pieds par le SGB, ses paupi\u00e8res ne s'ouvraient plus. C'est lorsqu'on les soulevait qu'elle pouvait nous voir. - Le Syndrome de Guillain-Barr\u00e9","isPartOf":{"@id":"https:\/\/guillainbarre.fr\/#website"},"datePublished":"2000-06-12T19:42:00+00:00","dateModified":"2021-11-09T11:21:27+00:00","author":{"@id":"https:\/\/guillainbarre.fr\/#\/schema\/person\/4d13e9ab0baabd711f2d645cdcada3ac"},"description":"Elle est encore partiellement paralys\u00e9e \u00e0 cause de ce Guillain-Barr\u00e9, elle a des difficult\u00e9s \u00e0 parler et devra faire de la physioth\u00e9rapie","breadcrumb":{"@id":"https:\/\/guillainbarre.fr\/index.php\/2000\/06\/12\/paralysee-de-la-tete-aux-pieds-guillain-barre\/#breadcrumb"},"inLanguage":"fr-FR","potentialAction":[{"@type":"ReadAction","target":["https:\/\/guillainbarre.fr\/index.php\/2000\/06\/12\/paralysee-de-la-tete-aux-pieds-guillain-barre\/"]}]},{"@type":"BreadcrumbList","@id":"https:\/\/guillainbarre.fr\/index.php\/2000\/06\/12\/paralysee-de-la-tete-aux-pieds-guillain-barre\/#breadcrumb","itemListElement":[{"@type":"ListItem","position":1,"name":"Accueil","item":"https:\/\/guillainbarre.fr\/"},{"@type":"ListItem","position":2,"name":"Paralys\u00e9e de la t\u00eate aux pieds par le SGB, ses paupi\u00e8res ne s&#8217;ouvraient plus. C&#8217;est lorsqu&#8217;on les soulevait qu&#8217;elle pouvait nous voir."}]},{"@type":"Person","@id":"https:\/\/guillainbarre.fr\/#\/schema\/person\/4d13e9ab0baabd711f2d645cdcada3ac","name":"Fred","image":{"@type":"ImageObject","inLanguage":"fr-FR","@id":"https:\/\/guillainbarre.fr\/#\/schema\/person\/image\/","url":"https:\/\/secure.gravatar.com\/avatar\/ef38e2bf85ad4796e165952986bdac79?s=96&d=retro&r=g","contentUrl":"https:\/\/secure.gravatar.com\/avatar\/ef38e2bf85ad4796e165952986bdac79?s=96&d=retro&r=g","caption":"Fred"},"sameAs":["http:\/\/guillainbarre.fr"],"url":"https:\/\/guillainbarre.fr\/index.php\/author\/admin8110\/"}]}},"_links":{"self":[{"href":"https:\/\/guillainbarre.fr\/index.php\/wp-json\/wp\/v2\/posts\/210"}],"collection":[{"href":"https:\/\/guillainbarre.fr\/index.php\/wp-json\/wp\/v2\/posts"}],"about":[{"href":"https:\/\/guillainbarre.fr\/index.php\/wp-json\/wp\/v2\/types\/post"}],"author":[{"embeddable":true,"href":"https:\/\/guillainbarre.fr\/index.php\/wp-json\/wp\/v2\/users\/1"}],"replies":[{"embeddable":true,"href":"https:\/\/guillainbarre.fr\/index.php\/wp-json\/wp\/v2\/comments?post=210"}],"version-history":[{"count":4,"href":"https:\/\/guillainbarre.fr\/index.php\/wp-json\/wp\/v2\/posts\/210\/revisions"}],"predecessor-version":[{"id":436,"href":"https:\/\/guillainbarre.fr\/index.php\/wp-json\/wp\/v2\/posts\/210\/revisions\/436"}],"wp:featuredmedia":[{"embeddable":true,"href":"https:\/\/guillainbarre.fr\/index.php\/wp-json\/wp\/v2\/media\/213"}],"wp:attachment":[{"href":"https:\/\/guillainbarre.fr\/index.php\/wp-json\/wp\/v2\/media?parent=210"}],"wp:term":[{"taxonomy":"category","embeddable":true,"href":"https:\/\/guillainbarre.fr\/index.php\/wp-json\/wp\/v2\/categories?post=210"},{"taxonomy":"post_tag","embeddable":true,"href":"https:\/\/guillainbarre.fr\/index.php\/wp-json\/wp\/v2\/tags?post=210"}],"curies":[{"name":"wp","href":"https:\/\/api.w.org\/{rel}","templated":true}]}}